{"id":1035,"date":"2021-04-12T19:39:36","date_gmt":"2021-04-12T19:39:36","guid":{"rendered":"https:\/\/melteminan.com\/?p=1035"},"modified":"2021-04-12T21:36:39","modified_gmt":"2021-04-12T21:36:39","slug":"van","status":"publish","type":"post","link":"https:\/\/melteminan.com\/?p=1035","title":{"rendered":"Van"},"content":{"rendered":"\t\t<div data-elementor-type=\"wp-post\" data-elementor-id=\"1035\" class=\"elementor elementor-1035\">\n\t\t\t\t\t\t<section class=\"elementor-section elementor-top-section elementor-element elementor-element-fcbdb7d elementor-section-boxed elementor-section-height-default elementor-section-height-default\" data-id=\"fcbdb7d\" data-element_type=\"section\">\n\t\t\t\t\t\t<div class=\"elementor-container elementor-column-gap-default\">\n\t\t\t\t\t<div class=\"elementor-column elementor-col-100 elementor-top-column elementor-element elementor-element-75152528\" data-id=\"75152528\" data-element_type=\"column\">\n\t\t\t<div class=\"elementor-widget-wrap elementor-element-populated\">\n\t\t\t\t\t\t<div class=\"elementor-element elementor-element-5465333e elementor-widget elementor-widget-text-editor\" data-id=\"5465333e\" data-element_type=\"widget\" data-widget_type=\"text-editor.default\">\n\t\t\t\t<div class=\"elementor-widget-container\">\n\t\t\t\t\t\t\t\t\t<p><b>09:00 Kahvalt\u0131&nbsp;<\/b><\/p>\n<p><span>Bak Hela Bak Yusuf Konak Kahvalt\u0131 K\u00fclt\u00fcr Saray\u0131<\/span><\/p>\n<p><span>Y\u0131lmaz Erdo\u011fan bir \u015fiirinde<i> \u201cBen seninle bir g\u00fcn Van da bir kahvalt\u0131 salonunda..\u201d<\/i>der. Hakikaten Kayserili i\u00e7in mant\u0131s\u0131.,Urfal\u0131 i\u00e7in kebab\u0131 neyse Van i\u00e7in kahvalt\u0131s\u0131 da o.<\/span><\/p>\n<p><span>Dediklerine g\u00f6re \u00e7ok eskiden i\u015fe gidecek olan erkekler sabah namaz\u0131 i\u00e7in camiye gittikten sonra eve d\u00f6nmez, kahvalt\u0131lar\u0131n\u0131 \u00e7ar\u015f\u0131da yaparlarm\u0131\u015f. Derken bu giderek gelenekselle\u015fmi\u015f. Van\u2019da bir kahvalt\u0131 salonuna ad\u0131m att\u0131\u011f\u0131n\u0131z anda oturdu\u011funuz masa \u00e7abucak donat\u0131l\u0131veriyor; Van&#8217;\u0131n me\u015fhur otlu peyniri, bir parmak kal\u0131nl\u0131\u011f\u0131nda s\u00fct kayma\u011f\u0131, yine kaymak k\u0131vam\u0131nda koyu bir cac\u0131k, bal, sahanda sucuklu yumurta, ka\u015far peyniri, beyaz peynir, zeytin, domates &#8211; salatal\u0131kla haz\u0131rlanm\u0131\u015f s\u00f6\u011f\u00fc\u015f taba\u011f\u0131, keteler, pideler, murta\u011fa ,kavut hepsi 5 dakika i\u00e7inde haz\u0131rlan\u0131yor.<\/span><\/p>\n<p><span>Van\u2019da otlar\u0131n\u0131n yo\u011fun bi\u00e7imde bir araya geldi\u011fi en \u00f6nemli yiyecek otlu peynir. Bu g\u00fczelim peynirde yakla\u015f\u0131k 60&#8217;a yak\u0131n bitki t\u00fcr\u00fc kullan\u0131l\u0131yor ve bir&nbsp; peynirde bu otlar\u0131n en az 20- 25&#8217;i yer al\u0131yor. Amac\u0131 ise,&nbsp; sindirimi kolayla\u015ft\u0131rmak, insan sa\u011fl\u0131\u011f\u0131na zararl\u0131 mikroorganizma faaliyetlerini frenlemek&#8230;<\/span><\/p>\n<p><span>Saat hen\u00fcz sabah\u0131n 8\u2019i olsa da&nbsp; Bak Hele Bak Yusuf Konak Kahvalt\u0131 K\u00fclt\u00fcr Saray\u0131,&nbsp; hep&nbsp; h\u0131nca h\u0131n\u00e7 dolu. Bunun&nbsp; nedeni ise, Kona\u011f\u0131n sahibi Yusuf bey&#8230; \u00c7\u00fcnk\u00fc, o,&nbsp; \u2018benim\u2019 diyen \u2018stand up\u2019\u00e7\u0131lar\u0131 aratm\u0131yor ve bilmeceleri ile insan\u0131 sabah sabah , kelimenin tam anlam\u0131yla ay\u0131lt\u0131veriyor&#8230;\u00dcstelik sordu\u011fu bilmecelere do\u011fru yan\u0131t verirseniz hediye bile kazan\u0131yorsunuz!<\/span><\/p>\n<p><span>\u0130lk g\u00fcn zaman\u0131m\u0131z\u0131n \u00e7o\u011funu yollarda harcayaca\u011f\u0131n\u0131zdan ve yol \u00fczerinde lokanta ve restoranlar\u0131n neredeyse hi\u00e7 bulunmay\u0131\u015f\u0131ndan dolay\u0131 \u00f6\u011fle yeme\u011fi i\u00e7in bir sandvi\u00e7 haz\u0131rlay\u0131p yan\u0131n\u0131zda ta\u015f\u0131makta yarar var.<\/span><\/p>\n<p><b>Adres:<\/b><span> Van Belediye Saray\u0131 Alt\u0131 VAN-T\u00dcRK\u0130YE<\/span><\/p>\n<p><b>Tel: <\/b>0 (432) 214 29 38<\/p>\n<p><\/p>\n<p><b>10:30 Ho\u015fap Kalesi<\/b><\/p>\n<p><span>Olduk\u00e7a eski bir \u015fehir olan Van&#8217;\u0131n tarihi M.\u00d6. 40001i y\u0131llara kadar uzan\u0131yor. Bu \u015fehir, Urartu Kral\u0131 taraf\u0131ndan Tu\u015fba ismiyle kurulmu\u015f. Zaten bu nedenle civarda, Urartulardan kalma bir s\u00fcr\u00fc kale var. Daha sonra bu b\u00f6lge,&nbsp; H\u00fcrri, Bizans, Sel\u00e7uklu, \u0130lhanl\u0131lar ve Osmanl\u0131lar&#8217;a kadar, bir dizi y\u00f6netim de\u011fi\u015fikli\u011fi ge\u00e7irmi\u015f, ve hepsi izlerini bu topraklarda b\u0131rakm\u0131\u015flar.<\/span><\/p>\n<p><span>\u0130\u015fte bu izlerden geri kalanlardan en \u00f6nemlisi Ho\u015fap Kalesi&#8230; Kale Van \u015fehir merkezine 60 km uzakl\u0131kta G\u00fcrp\u0131nar il\u00e7esinde yer al\u0131yor. Van- Ba\u015fkale yolu \u00fczerinden gidiliyor.<\/span><\/p>\n<p><span>Bir kartal yuvas\u0131n\u0131 and\u0131ran kalenin, bat\u0131ya bakan giri\u015finden i\u00e7eri girerken , \u00f6zg\u00fcn kap\u0131s\u0131n\u0131n hi\u00e7 bozulmay\u0131\u015f\u0131 ve&nbsp; \u00fczerindeki Fars\u00e7a kitabe ile aslan kabartmalar\u0131 insan\u0131n ilgisini \u00e7ekiyor.<\/span><\/p>\n<p><span>Osmanl\u0131 devletine ba\u011fl\u0131 Mahmudi S\u00fcleyman bey daha \u00f6nceleri ufak bir Urartu kalesinin bulundu\u011fu bu noktaya muhte\u015fem ihti\u015faml\u0131 Ho\u015fap kalesini in\u015fa ettirmi\u015f.O kadar \u00e7ok be\u011fenmi\u015f ki, daha sonra bir benzerini in\u015fa etmesin diye mimar\u0131n\u0131n ellerini kestirmi\u015f.<\/span><\/p>\n<p>Kelime anlam\u0131 \u2019tatl\u0131 su\u2019 olan Ho\u015fap kalesi, sert bir yamaca konu\u015flanm\u0131\u015f. Van\u2019da kaya ile suyun birle\u015fti\u011fi her mimari yap\u0131 gibi , bu kale de&nbsp; ayni ad\u0131 ta\u015f\u0131yan Ho\u015fap suyunun sarp kayal\u0131klar\u0131 \u00fczerinde y\u00fckselmekte&#8230;<\/p>\n<p><span><b>NOT: <\/b>Ho\u015fap kalesi k\u0131\u015f\u0131n inan\u0131lmaz r\u00fczgar al\u0131yor ve insan \u2018donarak \u00f6lmenin\u2019 ne anlama gelebilece\u011finiz \u015fahsen tecr\u00fcbe edebiliyor. O nedenle siz siz olun aman k\u0131\u015f\u0131n, eldiven , \u015fapka, atk\u0131, termal i\u00e7lik vs giymeyi veya yan\u0131n\u0131za almay\u0131 sak\u0131n unutmay\u0131n!<\/span><\/p>\n<p><span>&nbsp;<\/span><\/p>\n<p><span><b>14:30 \u00c7ay Molas\u0131<\/b><\/span><\/p>\n<p><span>Ho\u015fap kalesinin eteklerindeki ana yol \u00fczerinde yan yana dizilmi\u015f bir s\u00fcr\u00fc \u00e7ay evi var. Bunlardan birinde oturup \u00e7ay i\u00e7erken, daha \u00f6nce haz\u0131rlam\u0131\u015f oldu\u011funuz sandvi\u00e7inizi yiyebilirsiniz.<\/span><\/p>\n<p><span>&nbsp;<\/span><\/p>\n<p><span><b>15:00 Vanadokya<\/b><\/span><\/p>\n<p><span>Bug\u00fcne kadar Kapadokya\u2019ya gitme f\u0131rsat\u0131n\u0131z olmad\u0131ysa hi\u00e7 \u00fcz\u00fclmeyin. Van\u2019da bu tad\u0131 yakalayabilmeniz m\u00fcmk\u00fcn.<\/span><\/p>\n<p><span>Kapadokya\u2019daki peribacalar\u0131 olu\u015fumlar\u0131 ile ayn\u0131 \u00f6zelli\u011fi g\u00f6stermesi nedeniyle \u201cVanadokya\u201d olarak an\u0131lan b\u00f6lge, gelece\u011fin \u00f6nemli turizm merkezi olacak gibi g\u00f6r\u00fcn\u00fcyor. Peri bacalar\u0131n\u0131n, yar\u0131s\u0131 \u0130ran\u2019da yar\u0131s\u0131 T\u00fcrkiye\u2019de bulunan Yi\u011fit Da\u011f\u0131 volkan\u0131n\u0131n \u00fcretti\u011fi p\u00fcsk\u00fcrme kaya\u00e7lar\u0131n\u0131n a\u015f\u0131nmalar\u0131 sonucu ortaya \u00e7\u0131ktklar\u0131 d\u00fc\u015f\u00fcn\u00fcl\u00fcyor. Buras\u0131, \u00f6zellikle arkeolojik anlamda&nbsp; 30 &#8211; 40 y\u0131l \u00f6nce ke\u015ffedilen bakir bir b\u00f6lge. Ara\u015ft\u0131rmalara g\u00f6re yukarda ki kayalar\u0131n \u00fcst\u00fcnde orta \u00e7a\u011f d\u00f6nemine ait bir kale var ve&nbsp; bu kalenin alt\u0131nda t\u00fcneller oldu\u011fu fark edilmi\u015f. Ayr\u0131ca&nbsp; bu t\u00fcnellerin d\u0131\u015f\u0131nda kayalara oyulmu\u015f ufak odalar&nbsp; da var. Bu odalar\u0131n dini ama\u00e7la inziva odalar\u0131 olarak kullan\u0131ld\u0131\u011f\u0131 d\u00fc\u015f\u00fcn\u00fcl\u00fcyor.<\/span><\/p>\n<p><span>Vanadokya\u2019da gezerken g\u00f6zlerinizi peri bacalar\u0131ndan alam\u0131yorsunuz. Bu k\u00f6yde do\u011fup b\u00fcyen \u00e7ocuklar i\u00e7in ise ola\u011fan bir manzara. Al\u0131\u015fm\u0131\u015flar ve buray\u0131 ziyaret edenlerin neden bu kadar \u015fa\u015f\u0131rd\u0131\u011f\u0131n\u0131 anlam\u0131yorlar. Vanadokya, \u00e7ocuklar aras\u0131nda kendi oyunlar\u0131n\u0131 da yaratmalar\u0131na vesile olmu\u015f Hepsi buray\u0131 C\u00fcneyt Ark\u0131n\u2019\u0131n ba\u015frolde oynad\u0131\u011f\u0131 \u2018D\u00fcnyay\u0131 Kurtaran Adam\u2019 filmindeki mekana benzettikleri i\u00e7in habire \u2018d\u00fcnyay\u0131 kurtaran adam\u2019 oyunu oynuyorlar&#8230;<\/span><\/p>\n<p><\/p>\t\t\t\t\t\t\t\t<\/div>\n\t\t\t\t<\/div>\n\t\t\t\t\t<\/div>\n\t\t<\/div>\n\t\t\t\t\t<\/div>\n\t\t<\/section>\n\t\t\t\t<section class=\"elementor-section elementor-top-section elementor-element elementor-element-ebeb60a elementor-section-boxed elementor-section-height-default elementor-section-height-default\" data-id=\"ebeb60a\" data-element_type=\"section\">\n\t\t\t\t\t\t<div class=\"elementor-container elementor-column-gap-default\">\n\t\t\t\t\t<div class=\"elementor-column elementor-col-100 elementor-top-column elementor-element elementor-element-a640c64\" data-id=\"a640c64\" data-element_type=\"column\">\n\t\t\t<div class=\"elementor-widget-wrap elementor-element-populated\">\n\t\t\t\t\t\t<div class=\"elementor-element elementor-element-84a1879 elementor-widget elementor-widget-heading\" data-id=\"84a1879\" data-element_type=\"widget\" data-widget_type=\"heading.default\">\n\t\t\t\t<div class=\"elementor-widget-container\">\n\t\t\t\t\t<h2 class=\"elementor-heading-title elementor-size-default\">2. G\u00fcn<\/h2>\t\t\t\t<\/div>\n\t\t\t\t<\/div>\n\t\t\t\t<div class=\"elementor-element elementor-element-ba56c93 elementor-widget elementor-widget-text-editor\" data-id=\"ba56c93\" data-element_type=\"widget\" data-widget_type=\"text-editor.default\">\n\t\t\t\t<div class=\"elementor-widget-container\">\n\t\t\t\t\t\t\t\t\t<p><b>10:00 Van G\u00f6l\u00fc Gezisi<\/b><\/p><p><span>\u0130lkokulda bize Van G\u00f6l\u00fcnde hi\u00e7bir canl\u0131 ya\u015famaz diye \u00f6\u011fretildi. \u0130lkokul kitaplar\u0131ndaki o c\u00fcmleyi a\u00e7\u0131yorsunuz ke\u00e7eli bir kalemle \u00fczerini siliyorsunuz.\u00c7\u00fcnk\u00fc Van g\u00f6l\u00fcnde uzun y\u0131llard\u0131r inci kefali yeti\u015fiyor ve avc\u0131l\u0131\u011f\u0131 yap\u0131l\u0131yor. Van g\u00f6l\u00fcn\u00fcn kenar\u0131nda yer alan bal\u0131k\u00e7\u0131 teknelerinin kaptanlar\u0131yla anla\u015f\u0131p, hem tekne gezintisi yapabilir hem de bir yandan bal\u0131k avlayabilirsiniz.<\/span><\/p><p>\u00a0<\/p><p>Van G\u00f6l\u00fc\u2019n\u00fcn tuzlu ve y\u00fcksek derecede sodal\u0131 sular\u0131nda ya\u015fayabilen bir bal\u0131k t\u00fcr\u00fc olan inci kefali asl\u0131nda ad\u0131 kefal olmas\u0131na ra\u011fmen,\u00a0 sazangillerin bir \u00fcyesi&#8230; Son y\u0131llara kadar varl\u0131\u011f\u0131ndan, g\u00f6l \u00e7evresindeki insanlar ve baz\u0131 bilim insanlar\u0131 d\u0131\u015f\u0131nda kimse haberdar de\u011fildi. \u00c7\u00fcnk\u00fc o, i\u00e7 sular\u0131m\u0131zda bulunan onlarca t\u00fcrden sadece birisiydi. Halen bir\u00e7ok co\u011frafya, zooloji ve bal\u0131k sistemati\u011fi kitaplar\u0131nda, Van G\u00f6l\u00fc\u2019nde ya\u015famad\u0131\u011f\u0131, sadece akarsular\u0131n g\u00f6le d\u00f6k\u00fclen k\u0131s\u0131mlar\u0131nda ya\u015fad\u0131\u011f\u0131 iddia edilir. Van G\u00f6l\u00fc sular\u0131n\u0131n ta\u015fmas\u0131yla, efsane canavar\u0131yla s\u0131k s\u0131k g\u00fcndeme geldi ama, bal\u0131\u011f\u0131 ile ancak yeni yeni duyulmaya ba\u015fland\u0131.<\/p><p>\u00a0<\/p><p>Van G\u00f6l\u00fc\u2019n\u00fcn sadece bal\u0131\u011f\u0131 de\u011fil, g\u00f6l \u00fcst\u00fcndeki tekneleri de olduk\u00e7a farkl\u0131&#8230; K\u00f6y halk\u0131n\u0131n dedi\u011fine g\u00f6re ,tekneler g\u00f6l \u00e7evresindeki 4 adet tekne ustas\u0131 taraf\u0131ndan yap\u0131l\u0131yormu\u015f.. Eskiden ustalar, tecr\u00fcbelerine dayanarak, bal\u0131k\u00e7\u0131n\u0131n elinde var olan paraya g\u00f6re malzeme kalitesi de\u011fi\u015febilen tekneler yap\u0131yorlarm\u0131\u015f.. \u015eimdilerde ise Van G\u00f6l\u00fc&#8217;n\u00fcn \u00f6zelliklerine ve bal\u0131k\u00e7\u0131lar\u0131n taleplerine uygun Tip Tekne Projesi geli\u015ftirilmi\u015f ve kullan\u0131lmaya ba\u015flanm\u0131\u015f&#8230;<\/p><p>\u00a0<\/p><p>\u00a0<\/p><p><b>12:30 \u00d6\u011fle Yeme\u011fi<\/b><\/p><p><span>Tekneyle Akdamar adas\u0131na vard\u0131ysan\u0131z, yemek zaman\u0131 gelmi\u015f demektir.Tekneyi hemen yana\u015ft\u0131rmay\u0131n. Adan\u0131n manzaras\u0131n\u0131n e\u015fli\u011finde, az \u00f6nce avlad\u0131\u011f\u0131n\u0131z inci kefallerini teknedeki mangalda bir g\u00fczel \u0131zgara yap\u0131p yiyin. Asl\u0131nda bu bal\u0131k, tuzlanm\u0131\u015f halde sakland\u0131\u011f\u0131 gibi tand\u0131rda ya da f\u0131r\u0131nda da pi\u015firilip yeniyor. Ancak klasik pi\u015firili\u015f bi\u00e7imi, bal\u0131\u011f\u0131n i\u00e7i ay\u0131klanmadan, oldu\u011fu gibi \u0131zgara edilmesi&#8230; \u0130nci kefali, tabakta karn\u0131n\u0131n \u00fcst\u00fcne oturtuluyor ve bal\u0131\u011f\u0131n eti s\u0131rt\u0131ndan b\u0131\u00e7akla iki yana do\u011fru k\u0131l\u00e7\u0131klardan s\u0131yr\u0131larak a\u00e7\u0131l\u0131yor. Bu \u015fekilde bal\u0131\u011f\u0131n i\u00e7 organlar\u0131, onlar\u0131 kavrayan ince kar\u0131n k\u0131l\u00e7\u0131klar\u0131 ve s\u0131rt k\u0131l\u00e7\u0131\u011f\u0131 yerinde kal\u0131rken, yenilebilir fileto hi\u00e7 k\u0131l\u00e7\u0131ks\u0131z taba\u011fa devriliyor.<\/span><\/p><p>\u00a0<\/p><p>\u00a0<\/p><p><b>13:00 Akdamar<\/b><\/p><p><span>Buran\u0131n \u00e7ok \u00e7ok duygusal ve g\u00fczel bir hikaye var.Dediklerine g\u00f6re bu odada ba\u015f ke\u015fi\u015f ve g\u00fczel k\u0131z\u0131 Tamara ya\u015farm\u0131\u015f.Bir g\u00fcn, civar k\u00f6ylerde \u00e7obanl\u0131k yapan bir M\u00fcsl\u00fcman gen\u00e7 Tamara\u2019ya a\u015f\u0131k olmu\u015f.Onunla bulu\u015fmak i\u00e7in her gece bu adaya y\u00fczmeye ba\u015flam\u0131\u015f. Tamara\u00a0 ise yan\u0131nda bir fenerle k\u0131y\u0131da beklermi\u015f ki , gen\u00e7 erkek onun nerede oldu\u011funu anlas\u0131n .Ama ba\u015f ke\u015fi\u015fin bundan haberi olmu\u015f ve bir g\u00fcn fenerle \u00e7ok f\u0131rt\u0131nal\u0131 bir havada k\u0131y\u0131ya inmi\u015f ve devaml\u0131 yer de\u011fi\u015ftirmi\u015f.Gen\u00e7 de Tamara\u2019ya ula\u015faca\u011f\u0131m diye y\u00fczm\u00fc\u015f durmu\u015f, yorgun d\u00fc\u015f\u00fcnce de bo\u011fulup \u00f6lm\u00fc\u015f.Ama \u00f6lmeden \u00f6nce son nefesinde \u201cah Tamara\u201d diye ba\u011f\u0131rm\u0131\u015f .Bunu duyan Tamara g\u00f6l\u00fcn kenar\u0131na gelmi\u015f sevdi\u011fi gencin \u00f6ld\u00fc\u011f\u00fcn\u00fc anlay\u0131nca o da kendini g\u00f6l\u00fcn sular\u0131na b\u0131rakm\u0131\u015f.Ve iki sevgili \u00f6l\u00fcmde bulu\u015fmu\u015flar.O zamandan bu zamana \u201cah Tamara\u201d ismi Akdamar olarak de\u011fi\u015fmi\u015f\u00a0 ve ad\u0131n\u0131 bu adaya vermi\u015f.Yaln\u0131z adadaki hikayeler bu kadarla s\u0131n\u0131rl\u0131 kalm\u0131yor \u00e7\u00fcnk\u00fc adadaki\u00a0 kilisenin d\u0131\u015f kabartma y\u00fczeylerinde, yakla\u015f\u0131k 600 tane kabartma var ve bu haliyle de d\u00fcnyadaki en \u00f6nemli 3 kiliseden biri&#8230;<\/span><\/p><p>K\u00fc\u00e7\u00fck bir adada uzaktan bile g\u00f6r\u00fclebilen bir ihti\u015fama sahip Akdamar kilisesi heybeti ve kabartmalar\u0131yla Do\u011fu- H\u0131ristiyan mimari sanat\u0131n\u0131n g\u00f6z bebe\u011fi&#8230;<\/p><p>Adan\u0131n g\u00fcney do\u011fusuna kurulmu\u015f olan kilise, Kutsal Ha\u00e7 ad\u0131na Vaspurakan Kral\u0131 I. Gagik taraf\u0131ndan 915- 921 y\u0131lar\u0131 aras\u0131nda Ke\u015fi\u015f Manuel&#8217;e yapt\u0131r\u0131lm\u0131\u015f. \u0130lk yap\u0131ld\u0131\u011f\u0131nda saray kilisesi olan yap\u0131, sonradan 1113 tarihinde manast\u0131r kilisesine d\u00f6n\u00fc\u015ft\u00fcr\u00fclm\u00fc\u015f ve en nihayetinde.1895 y\u0131l\u0131na kadar y\u00f6redeki Ermeni Patrikli\u011finin merkezi olmu\u015f&#8230;Bug\u00fcn ise ziyaret\u00e7ileri kendine hayran b\u0131rakan, tarihin \u00f6nemli bir tan\u0131\u011f\u0131 durumunda&#8230;<\/p>\t\t\t\t\t\t\t\t<\/div>\n\t\t\t\t<\/div>\n\t\t\t\t\t<\/div>\n\t\t<\/div>\n\t\t\t\t\t<\/div>\n\t\t<\/section>\n\t\t\t\t<section class=\"elementor-section elementor-top-section elementor-element elementor-element-1fe675a elementor-section-boxed elementor-section-height-default elementor-section-height-default\" data-id=\"1fe675a\" data-element_type=\"section\">\n\t\t\t\t\t\t<div class=\"elementor-container elementor-column-gap-default\">\n\t\t\t\t\t<div class=\"elementor-column elementor-col-100 elementor-top-column elementor-element elementor-element-17eb9bf\" data-id=\"17eb9bf\" data-element_type=\"column\">\n\t\t\t<div class=\"elementor-widget-wrap elementor-element-populated\">\n\t\t\t\t\t\t<div class=\"elementor-element elementor-element-2df9dc4 elementor-widget elementor-widget-heading\" data-id=\"2df9dc4\" data-element_type=\"widget\" data-widget_type=\"heading.default\">\n\t\t\t\t<div class=\"elementor-widget-container\">\n\t\t\t\t\t<h2 class=\"elementor-heading-title elementor-size-default\">3. G\u00fcn<\/h2>\t\t\t\t<\/div>\n\t\t\t\t<\/div>\n\t\t\t\t<div class=\"elementor-element elementor-element-48b5120 elementor-widget elementor-widget-text-editor\" data-id=\"48b5120\" data-element_type=\"widget\" data-widget_type=\"text-editor.default\">\n\t\t\t\t<div class=\"elementor-widget-container\">\n\t\t\t\t\t\t\t\t\t<p><b>10:00 Muradiye \u015eelalesi<\/b><\/p><p>Muradiye \u015eelalesi y\u00f6renin en \u00f6nemli \u015felalelerinden biri. Ancak araba ile ge\u00e7erken , sapa\u011f\u0131 ka\u00e7\u0131rabilmek m\u00fcmk\u00fcn, o nedenle \u00e7ok dikkatli olmak laz\u0131m. E\u011fer tabelan\u0131n olmad\u0131\u011f\u0131 son\u00a0 sapa\u011f\u0131 ka\u00e7\u0131rmak istemiyorsan\u0131z, o zaman pencerenizi biraz aralaman\u0131z yeterli. \u015eelalenin sesi size rehberlik edecek, ve do\u011fru yolda oldu\u011funuzu i\u015faret edecektir&#8230;<\/p><p><span>Muradiye \u015eelalesini g\u00f6rebilmenin en iyi\u00a0 y\u00f6n\u00fc Bendimahi \u00e7ay\u0131n\u0131n \u00fczerindeki\u00a0 asma k\u00f6pr\u00fcde durmak. Ancak asma k\u00f6pr\u00fcye\u00a0 dikkat \u00e7\u00fcnk\u00fc \u00fczerine bindi\u011finiz anda kendinizi ata binmi\u015f hissediyorsunuz.Sallan\u0131p duruyor.Normalde \u015felale deyince insan\u0131n akl\u0131na ne gelir?Do\u011fada yukar\u0131dan a\u015fa\u011f\u0131ya do\u011fru akan bir su.Oysa sadece \u015felalenin nas\u0131l g\u00f6r\u00fcnd\u00fc\u011f\u00fc de\u011fil nas\u0131l duyuldu\u011fu da \u00f6nemlidir.E\u011fer do\u011fan\u0131n ihti\u015fam\u0131n\u0131 duymak istiyorsan\u0131z\u00a0 Muradiye \u015eelalesi bunun i\u00e7in birebir.<\/span><\/p>\t\t\t\t\t\t\t\t<\/div>\n\t\t\t\t<\/div>\n\t\t\t\t\t<\/div>\n\t\t<\/div>\n\t\t\t\t\t<\/div>\n\t\t<\/section>\n\t\t\t\t<section class=\"elementor-section elementor-top-section elementor-element elementor-element-da08a3b elementor-section-boxed elementor-section-height-default elementor-section-height-default\" data-id=\"da08a3b\" data-element_type=\"section\">\n\t\t\t\t\t\t<div class=\"elementor-container elementor-column-gap-default\">\n\t\t\t\t\t<div class=\"elementor-column elementor-col-100 elementor-top-column elementor-element elementor-element-a775a79\" data-id=\"a775a79\" data-element_type=\"column\">\n\t\t\t<div class=\"elementor-widget-wrap elementor-element-populated\">\n\t\t\t\t\t\t<div class=\"elementor-element elementor-element-0fba56a elementor-widget elementor-widget-heading\" data-id=\"0fba56a\" data-element_type=\"widget\" data-widget_type=\"heading.default\">\n\t\t\t\t<div class=\"elementor-widget-container\">\n\t\t\t\t\t<h2 class=\"elementor-heading-title elementor-size-default\">Nerede Kal\u0131n\u0131r<\/h2>\t\t\t\t<\/div>\n\t\t\t\t<\/div>\n\t\t\t\t<div class=\"elementor-element elementor-element-fada2b0 elementor-widget elementor-widget-text-editor\" data-id=\"fada2b0\" data-element_type=\"widget\" data-widget_type=\"text-editor.default\">\n\t\t\t\t<div class=\"elementor-widget-container\">\n\t\t\t\t\t\t\t\t\t<p><b>Tamara Otel<\/b><\/p><p>Odalarda uydu yay\u0131nl\u0131 televizyon, telefon, mini bar, internet ba\u011flant\u0131s\u0131, dijital kasa, k\u00fcvet, sa\u00e7 kurutma makinesi, banyo ve telefon bulunuyor. \u015eehrin en l\u00fcks spa\u2019s\u0131n\u0131n burada olmas\u0131 nedeniyle de Van\u2019\u0131n en keyifli otellerinden biri&#8230;<\/p><p>Adres: Kaz\u0131m Karabekir Cad. Bah\u00e7\u0131van Mah. Y\u00fczba\u015f\u0131o\u011flu Sok. No:1 VAN<\/p><p>Tel: 0 (432) 214 32 96<\/p><p>\u00a0<\/p><p>\u00a0<\/p><p><b>Merit Sahmaran Otel<\/b><\/p><p>Van G\u00f6l\u00fc\u2019n\u00fcn kenar\u0131nda kurulan Merit Sahmaran Otel\u2019de g\u00fcnesin ilk \u0131\u015f\u0131klar\u0131n\u0131n vurusunu ve g\u00fcnbat\u0131m\u0131n\u0131 hayranl\u0131kla izleyebilirsiniz. Van hava alan\u0131na 6 km, \u015fehir merkezine 12 km uzakl\u0131kta olan otel, \u00fccretsiz servis olana\u011f\u0131yla simdi her yere \u00e7ok daha yak\u0131n. Ancak internete odan\u0131zdan ba\u011flanmak sizin i\u00e7in \u00e7ok \u00f6nemliyse, otele \u00f6nceden telefon edip, zaman zaman ya\u015fanan internet kesintileri sorunun \u00e7\u00f6z\u00fcl\u00fcp \u00e7\u00f6z\u00fclmedi\u011fini mutlaka sorun.<\/p><p>\u00a0<\/p><p>Adres: Yenik\u00f6y Mevkii 12.Km 65170 Edremit \/ VAN<\/p><p>Tel: 0432 312 30 60<\/p>\t\t\t\t\t\t\t\t<\/div>\n\t\t\t\t<\/div>\n\t\t\t\t\t<\/div>\n\t\t<\/div>\n\t\t\t\t\t<\/div>\n\t\t<\/section>\n\t\t\t\t<\/div>\n\t\t","protected":false},"excerpt":{"rendered":"<p>09:00 Kahvalt\u0131&nbsp; Bak Hela Bak Yusuf Konak Kahvalt\u0131 K\u00fclt\u00fcr Saray\u0131 Y\u0131lmaz Erdo\u011fan bir \u015fiirinde \u201cBen seninle bir g\u00fcn Van da bir kahvalt\u0131 salonunda..\u201dder. Hakikaten Kayserili i\u00e7in mant\u0131s\u0131.,Urfal\u0131 i\u00e7in kebab\u0131 neyse Van i\u00e7in kahvalt\u0131s\u0131 da o. Dediklerine g\u00f6re \u00e7ok eskiden i\u015fe gidecek olan erkekler sabah namaz\u0131 i\u00e7in camiye gittikten sonra eve d\u00f6nmez, kahvalt\u0131lar\u0131n\u0131 \u00e7ar\u015f\u0131da yaparlarm\u0131\u015f. Derken [&hellip;]<\/p>\n","protected":false},"author":3,"featured_media":1036,"comment_status":"closed","ping_status":"closed","sticky":false,"template":"","format":"standard","meta":{"footnotes":""},"categories":[21],"tags":[],"class_list":["post-1035","post","type-post","status-publish","format-standard","has-post-thumbnail","hentry","category-yurt-ici"],"_links":{"self":[{"href":"https:\/\/melteminan.com\/index.php?rest_route=\/wp\/v2\/posts\/1035","targetHints":{"allow":["GET"]}}],"collection":[{"href":"https:\/\/melteminan.com\/index.php?rest_route=\/wp\/v2\/posts"}],"about":[{"href":"https:\/\/melteminan.com\/index.php?rest_route=\/wp\/v2\/types\/post"}],"author":[{"embeddable":true,"href":"https:\/\/melteminan.com\/index.php?rest_route=\/wp\/v2\/users\/3"}],"replies":[{"embeddable":true,"href":"https:\/\/melteminan.com\/index.php?rest_route=%2Fwp%2Fv2%2Fcomments&post=1035"}],"version-history":[{"count":14,"href":"https:\/\/melteminan.com\/index.php?rest_route=\/wp\/v2\/posts\/1035\/revisions"}],"predecessor-version":[{"id":1102,"href":"https:\/\/melteminan.com\/index.php?rest_route=\/wp\/v2\/posts\/1035\/revisions\/1102"}],"wp:featuredmedia":[{"embeddable":true,"href":"https:\/\/melteminan.com\/index.php?rest_route=\/wp\/v2\/media\/1036"}],"wp:attachment":[{"href":"https:\/\/melteminan.com\/index.php?rest_route=%2Fwp%2Fv2%2Fmedia&parent=1035"}],"wp:term":[{"taxonomy":"category","embeddable":true,"href":"https:\/\/melteminan.com\/index.php?rest_route=%2Fwp%2Fv2%2Fcategories&post=1035"},{"taxonomy":"post_tag","embeddable":true,"href":"https:\/\/melteminan.com\/index.php?rest_route=%2Fwp%2Fv2%2Ftags&post=1035"}],"curies":[{"name":"wp","href":"https:\/\/api.w.org\/{rel}","templated":true}]}}