{"id":780,"date":"2021-04-06T08:13:55","date_gmt":"2021-04-06T08:13:55","guid":{"rendered":"https:\/\/melteminan.com\/?p=780"},"modified":"2021-04-12T19:23:18","modified_gmt":"2021-04-12T19:23:18","slug":"sri-lanka-insana-kendini-unutturan-ulke","status":"publish","type":"post","link":"https:\/\/melteminan.com\/?p=780","title":{"rendered":"Sri Lanka: \u0130nsana Kendini Unutturan \u00dclke\u2026"},"content":{"rendered":"\t\t<div data-elementor-type=\"wp-post\" data-elementor-id=\"780\" class=\"elementor elementor-780\">\n\t\t\t\t\t\t<section class=\"elementor-section elementor-top-section elementor-element elementor-element-fcbdb7d elementor-section-boxed elementor-section-height-default elementor-section-height-default\" data-id=\"fcbdb7d\" data-element_type=\"section\">\n\t\t\t\t\t\t<div class=\"elementor-container elementor-column-gap-default\">\n\t\t\t\t\t<div class=\"elementor-column elementor-col-100 elementor-top-column elementor-element elementor-element-75152528\" data-id=\"75152528\" data-element_type=\"column\">\n\t\t\t<div class=\"elementor-widget-wrap elementor-element-populated\">\n\t\t\t\t\t\t<div class=\"elementor-element elementor-element-b75a1c4 elementor-widget elementor-widget-heading\" data-id=\"b75a1c4\" data-element_type=\"widget\" data-widget_type=\"heading.default\">\n\t\t\t\t<div class=\"elementor-widget-container\">\n\t\t\t\t\t<h2 class=\"elementor-heading-title elementor-size-small\">Foto\u011fraflar Sri Lanka Tourism<\/h2>\t\t\t\t<\/div>\n\t\t\t\t<\/div>\n\t\t\t\t<div class=\"elementor-element elementor-element-5465333e elementor-widget elementor-widget-text-editor\" data-id=\"5465333e\" data-element_type=\"widget\" data-widget_type=\"text-editor.default\">\n\t\t\t\t<div class=\"elementor-widget-container\">\n\t\t\t\t\t\t\t\t\t<p>\u201c\u015e\u00f6yle \u00e7alan telefonlar olmas\u0131n, kafam da\u011f\u0131ls\u0131n, \u2018sorumluluk\u2019 kelimesini hat\u0131rlamayay\u0131m, buradaki t\u00fcm s\u0131k\u0131nt\u0131lar\u0131m\u0131 unutay\u0131m istiyorum\u201d dedikten sonra, en yak\u0131n arkada\u015f\u0131m derin bir \u2018off\u2019 \u00e7ekerek, \u00e7enesini y\u00fcz\u00fcn\u00fc ta\u015f\u0131makta zorlan\u0131yormu\u015f gibi duran elinin \u00fczerine b\u0131rakt\u0131.<\/p><p>\u00a0<\/p><p>\u201cSri Lanka\u2019ya git.\u201d<\/p><p>\u00a0<\/p><p>Laf \u00f6ylece a\u011fz\u0131mdan \u00e7\u0131k\u0131vermi\u015fti. Oysa bu derdin bir s\u00fcr\u00fc devas\u0131 vard\u0131. \u2018Spa\u2019ya git, Cep telefonunu kapat, \u015e\u00f6yle uzun bir y\u00fcr\u00fcy\u00fc\u015fe \u00e7\u0131k, \u00e7ocuklar\u0131 iki g\u00fcnl\u00fc\u011f\u00fcne annene b\u0131rak\u2019 vs.<\/p><p>\u00a0<\/p><p>Ama arkada\u015f\u0131m\u0131n durumu bana vahim g\u00f6r\u00fcnm\u00fc\u015ft\u00fc. Onun bir \u015fok tedaviye ihtiyac\u0131 vard\u0131. Sri Lanka bu tedavinin kar\u015f\u0131l\u0131\u011f\u0131yd\u0131\u2026<\/p><p>\u00a0<\/p><p>\u00c7ay cenneti Sri Lanka\u2019n\u0131n sadece b\u00f6lge, insanlar\u0131, dini ve tarihi yerleri de\u011fil, her \u015feyi farkl\u0131. \u00d6yle ki \u2018Sri Lanka\u2019da nereyi g\u00f6rmeliyim?\u2019 diye sordu\u011funuzda cevap \u2018Kaz\u0131ktaki bal\u0131k\u00e7\u0131lar\u2019 olabiliyor.<\/p>\t\t\t\t\t\t\t\t<\/div>\n\t\t\t\t<\/div>\n\t\t\t\t\t<\/div>\n\t\t<\/div>\n\t\t\t\t\t<\/div>\n\t\t<\/section>\n\t\t\t\t<section class=\"elementor-section elementor-top-section elementor-element elementor-element-ebeb60a elementor-section-boxed elementor-section-height-default elementor-section-height-default\" data-id=\"ebeb60a\" data-element_type=\"section\">\n\t\t\t\t\t\t<div class=\"elementor-container elementor-column-gap-default\">\n\t\t\t\t\t<div class=\"elementor-column elementor-col-100 elementor-top-column elementor-element elementor-element-a640c64\" data-id=\"a640c64\" data-element_type=\"column\">\n\t\t\t<div class=\"elementor-widget-wrap elementor-element-populated\">\n\t\t\t\t\t\t<div class=\"elementor-element elementor-element-84a1879 elementor-widget elementor-widget-heading\" data-id=\"84a1879\" data-element_type=\"widget\" data-widget_type=\"heading.default\">\n\t\t\t\t<div class=\"elementor-widget-container\">\n\t\t\t\t\t<h2 class=\"elementor-heading-title elementor-size-default\">\u015eeytan Dans\u0131<\/h2>\t\t\t\t<\/div>\n\t\t\t\t<\/div>\n\t\t\t\t<div class=\"elementor-element elementor-element-ba56c93 elementor-widget elementor-widget-text-editor\" data-id=\"ba56c93\" data-element_type=\"widget\" data-widget_type=\"text-editor.default\">\n\t\t\t\t<div class=\"elementor-widget-container\">\n\t\t\t\t\t\t\t\t\t<p>Kaz\u0131kl\u0131 Voyvada\u2019dan kalma bir \u00e7a\u011f\u0131\u015f\u0131m m\u0131d\u0131r bilinmez, insan\u0131n akl\u0131 hemen i\u015fkence g\u00f6ren bal\u0131k\u00e7\u0131lara gidiyor ve ister istemez \u2018bunu niye g\u00f6rmek isteyeyim ki?\u2019 diye sorabiliyor kendi kendine\u2026 Ama y\u00f6re halk\u0131n\u0131n kast etti\u011fi asl\u0131nda Sri Lanka\u2019ya \u00f6zg\u00fc bal\u0131k avlama y\u00f6ntemi.<\/p><p>\u00a0<\/p><p>Y\u00fcksek binalar\u0131 ve modern bir \u015fehir g\u00f6r\u00fcnt\u00fcs\u00fc ile Ba\u015fkent Kolombo\u2019ya vard\u0131\u011f\u0131nda insan Sri Lanka\u2019n\u0131n o \u00e7ok meth edilen, gelenekselli\u011fini korumu\u015f egzotik ya\u015fam\u0131n yok olup olmad\u0131\u011f\u0131 merak ediyor ister istemez\u2026 Ama yakla\u015f\u0131k 143 kim uzakl\u0131ktaki Waligama sahilinde bal\u0131k\u00e7\u0131lar\u0131n, hala dedelerinin dedelerinin de yapt\u0131\u011f\u0131 gibi, denizin s\u0131\u011f k\u0131sm\u0131na ge\u00e7irilmi\u015f tahta kaz\u0131klara t\u0131rman\u0131p, ufak bal\u0131klar avlad\u0131klar\u0131n\u0131 g\u00f6r\u00fcnce\u00a0 Sri Lanka\u2019n\u0131n insan\u0131 b\u00fcy\u00fcleyen farkl\u0131 y\u00fcz\u00fcyle de b\u00f6ylece tan\u0131\u015fm\u0131\u015f oluyor.\u00a0<\/p><p>\u00a0<\/p><p>Waligama\u2019da turistlerin ilgisini \u00e7eken yegane \u00f6zellik, bal\u0131k\u00e7\u0131lar\u0131 de\u011fil elbet. B\u00f6lgedeki tap\u0131naklar, Hindistan cevizi tarlalar\u0131, egzotik vah\u015fi ya\u015fam\u0131n yan\u0131 s\u0131ra \u2018\u015feytan dans\u0131\u2019 da tursitlerin b\u00f6lgeyi ziyaret etme nedenlerinin ba\u015f\u0131nda geliyor. Genellikle hastal\u0131klar\u0131n iyile\u015fmesi i\u00e7in \u00e7a\u011f\u0131r\u0131lan \u2018\u015feytan dans\u00e7\u0131lar\u0131n\u0131\u2019sadece izlemek bile ba\u015fl\u0131 ba\u015fl\u0131 bir olay. G\u00fcn\u00fcm\u00fczde turistler i\u00e7in bir tak\u0131m de\u011fi\u015fiklikler ya\u015fam\u0131\u015fsa da, bu etkinlikte hala geleneksel \u00f6zellikler yakalayabilmek m\u00fcmk\u00fcn. Bu danslarda, dansc\u0131lar hareketleriyle bir hayvan\u0131 \u0131s\u0131nmak i\u00e7in taklit ederler ard\u0131ndan\u00a0 dans ilerledik\u00e7e birbirlerine rakip kesilirler.<\/p>\t\t\t\t\t\t\t\t<\/div>\n\t\t\t\t<\/div>\n\t\t\t\t\t<\/div>\n\t\t<\/div>\n\t\t\t\t\t<\/div>\n\t\t<\/section>\n\t\t\t\t<section class=\"elementor-section elementor-top-section elementor-element elementor-element-1fe675a elementor-section-boxed elementor-section-height-default elementor-section-height-default\" data-id=\"1fe675a\" data-element_type=\"section\">\n\t\t\t\t\t\t<div class=\"elementor-container elementor-column-gap-default\">\n\t\t\t\t\t<div class=\"elementor-column elementor-col-100 elementor-top-column elementor-element elementor-element-17eb9bf\" data-id=\"17eb9bf\" data-element_type=\"column\">\n\t\t\t<div class=\"elementor-widget-wrap elementor-element-populated\">\n\t\t\t\t\t\t<div class=\"elementor-element elementor-element-2df9dc4 elementor-widget elementor-widget-heading\" data-id=\"2df9dc4\" data-element_type=\"widget\" data-widget_type=\"heading.default\">\n\t\t\t\t<div class=\"elementor-widget-container\">\n\t\t\t\t\t<h2 class=\"elementor-heading-title elementor-size-default\">Hayvansever \u00dclke<\/h2>\t\t\t\t<\/div>\n\t\t\t\t<\/div>\n\t\t\t\t<div class=\"elementor-element elementor-element-48b5120 elementor-widget elementor-widget-text-editor\" data-id=\"48b5120\" data-element_type=\"widget\" data-widget_type=\"text-editor.default\">\n\t\t\t\t<div class=\"elementor-widget-container\">\n\t\t\t\t\t\t\t\t\t<p>Asl\u0131nda Sri Lanka\u2019da insanlar\u0131n hayvanlar\u0131 canland\u0131rmalar\u0131na \u015fa\u015f\u0131rmamal\u0131. D\u00fcnya\u2019da en \u00e7ok hayvan \u00e7e\u015fidine sahip \u00fclkelerden biri olan Sri Lanka\u2019da hayvanseverlik Milattan \u00f6ncesine dayan\u0131yor. \u00dclkede hayvanlar\u0131n dokunulmazl\u0131\u011f\u0131n\u0131 ilan eden ilk Kral olan\u00a0 Devanampiyatissa,\u00a0 \u00a0\u00fclkeye Budizmi getirmi\u015f ve b\u00f6ylece kendinden sonra gelen\u00a0 krallar\u0131nda hangi hayvan olursa olsun, onlar\u0131 \u00f6ld\u00fcrmeme\u00a0 h\u00fckm\u00fcn\u00fc devam ettirmelerini sa\u011flam\u0131\u015f.<\/p><p>\u00a0<\/p><p>Bu nedenle Sri Lanka her ad\u0131m ba\u015f\u0131 rastlayabilece\u011finiz, g\u00fcndelik hayat\u0131n i\u00e7inde hi\u00e7 yad\u0131rganmayan hayvanlarla dolu ve belki de bu y\u00fczden \u00fclkenin en \u00f6nemli festivallerinden biri olan Kandy Esara Perahera\u2019n\u0131n ba\u015frol\u00fcnde Filler var.<\/p><p>\u00a0<\/p>\t\t\t\t\t\t\t\t<\/div>\n\t\t\t\t<\/div>\n\t\t\t\t\t<\/div>\n\t\t<\/div>\n\t\t\t\t\t<\/div>\n\t\t<\/section>\n\t\t\t\t<section class=\"elementor-section elementor-top-section elementor-element elementor-element-da08a3b elementor-section-boxed elementor-section-height-default elementor-section-height-default\" data-id=\"da08a3b\" data-element_type=\"section\">\n\t\t\t\t\t\t<div class=\"elementor-container elementor-column-gap-default\">\n\t\t\t\t\t<div class=\"elementor-column elementor-col-100 elementor-top-column elementor-element elementor-element-a775a79\" data-id=\"a775a79\" data-element_type=\"column\">\n\t\t\t<div class=\"elementor-widget-wrap elementor-element-populated\">\n\t\t\t\t\t\t<div class=\"elementor-element elementor-element-0fba56a elementor-widget elementor-widget-heading\" data-id=\"0fba56a\" data-element_type=\"widget\" data-widget_type=\"heading.default\">\n\t\t\t\t<div class=\"elementor-widget-container\">\n\t\t\t\t\t<h2 class=\"elementor-heading-title elementor-size-default\">Festivaller \u00dclkesi<\/h2>\t\t\t\t<\/div>\n\t\t\t\t<\/div>\n\t\t\t\t<div class=\"elementor-element elementor-element-fada2b0 elementor-widget elementor-widget-text-editor\" data-id=\"fada2b0\" data-element_type=\"widget\" data-widget_type=\"text-editor.default\">\n\t\t\t\t<div class=\"elementor-widget-container\">\n\t\t\t\t\t\t\t\t\t<p>Temmuz\u2019un son iki haftas\u0131nda kutlanan Kandy Esara Perahera Festivali \u00f6ncesi Sri Lanka\u2019da k\u00fc\u00e7\u00fck bir tepede kurulu olan Kandy kasabas\u0131, 1815\u2019te \u0130ngilizlerin eline d\u00fc\u015fmeden \u00f6nceki haline getiriliyor. Dolay\u0131s\u0131yla ziyaret\u00e7ilerine zaman t\u00fcneline girme f\u0131rsat\u0131n\u0131 da vermi\u015f oluyor Fillerin evcille\u015ftirilerek, g\u00fcc\u00fcn\u00fcn insana ge\u00e7mesinin kutland\u0131\u011f\u0131 festivalde, ayr\u0131ca bereket i\u00e7in Tanr\u0131\u2019lara \u015fark\u0131lar s\u00f6yleniyor ve danslar yap\u0131l\u0131yor. Bir sonraki y\u0131l i\u00e7in ya\u011fmur duas\u0131 da yap\u0131l\u0131yor. Fillerin say\u0131s\u0131, festivalin b\u00fcy\u00fckl\u00fc\u011f\u00fcn\u00fc g\u00f6steriyor. Renkli kuma\u015flar ve pilli \u0131\u015f\u0131klarla s\u00fcslenen filler, gece oldu\u011funda insan\u0131n g\u00f6z\u00fcne Hint mitolojisinden f\u0131rlam\u0131\u015f gibi g\u00f6r\u00fcnen bir Tanr\u0131lar\u0131 and\u0131r\u0131yor.<\/p><p><span style=\"color: var(--e-global-color-text); background-color: inherit;\">Sri Lanka\u2019y\u0131 en iyi tan\u0131man\u0131n yollar\u0131ndan biri, \u00fclkenin neredeyse sembol\u00fc haline girmi\u015f fillerden biriyle Habarana b\u00f6lgesinde Safari\u2019ye \u00e7\u0131kmak. Yavru olan her hayvan\u0131 sempatik bulmaya al\u0131\u015fm\u0131\u015f bizler, bir s\u00fcre sonra filleri nas\u0131l da sevimli bulmaya ba\u015flad\u0131\u011f\u0131m\u0131za \u015fa\u015f\u0131yoruz. Sri Lanka\u2019n\u0131n dinlendirici ye\u015fil do\u011fas\u0131n\u0131n farkl\u0131 \u015fekilde ke\u015ffedilebildi\u011fi bu gezide, kimi zaman bir nehirde duruyor, onu y\u0131k\u0131yoruz. Kimi zaman o hortumuna su \u00e7ekip, arkaya do\u011fru p\u00fcsk\u00fcrterek bizimle \u015fakala\u015f\u0131yor adeta. Islan\u0131yoruz ama yine de halimizden memnunuz. Ne de olsa bu safariye \u00e7\u0131kmak i\u00e7in saat 04:30 da uyand\u0131k ve bu ufak banyo sayesinde biraz ay\u0131ld\u0131k!<\/span><\/p><p>\u00a0<\/p><p>Kandy&#8217;nin 40 km bat\u0131s\u0131ndaki Kagalle&#8217;deki Pinnewala fil yetimhanesi mutlaka gidilmesi gereken ama insan\u0131n g\u00f6zya\u015flar\u0131na engel olamad\u0131\u011f\u0131 bir yer&#8230; Do\u011fada \u00e7e\u015fitli sebeplerle ailesini kaybetmi\u015f,\u00a0 muhta\u00e7 filler burada \u00f6zenle bak\u0131l\u0131yor ve tekrar do\u011faya kazand\u0131r\u0131l\u0131yor. Biberonla beslenen ufac\u0131k yavru filleri seyretmek hatta dokunmak, ok\u015famak ve sevmek insana t\u00fcm dertlerini unutturabilecek ola\u011fan\u00fcst\u00fc bir duygu.<\/p><p>\u00a0<\/p><p>Sri Lanka\u2019da, \u015fehir veya kasabalar\u0131n ara sokaklar\u0131n\u0131 mesken tutmu\u015f maymunlar \u00e7o\u011fu zaman size \u2018burada ne i\u015fin var, buras\u0131 bizim hadi ikile, gitmeyeceksen de umar\u0131m bize verecek bir iki muzun vard\u0131r\u2019 gibilerinden bak\u0131yorlar. \u0130nsan yol mu de\u011fi\u015ftirse, etraftan m\u0131 dola\u015fsa karar veremiyor. Onlar ise eskilerin Amerika\u2019s\u0131nda Sokak ba\u015f\u0131n\u0131 tutmu\u015f \u0130talyan mafyas\u0131 \u00fcyeleri gibi yapmakta olduklar\u0131 i\u015fe ara verip, yandan yandan sizi kesiyorlar.<\/p><p>Sri Lanka\u2019da t\u00fcm turistlerin g\u00f6rmek i\u00e7in can att\u0131\u011f\u0131 bir di\u011fer hayvan ise balina ve yunuslar.<\/p><p>\u00a0<\/p><p>Uluslar aras\u0131 Balina Komisyonu\u2019nun, Hint Okyanus\u2019undaki koruma b\u00f6lgesinde bulunan Sri Lanka\u2019n\u0131n balinalar\u0131, Kalpitiya ve G\u00fcney Bat\u0131 k\u00f6rfezinde, \u00f6zel botlarla yap\u0131lan turlar sayesinde Kas\u0131m- mart ay\u0131 aras\u0131nda g\u00f6r\u00fclebiliyorlar.<\/p><p>\u00a0<\/p>\t\t\t\t\t\t\t\t<\/div>\n\t\t\t\t<\/div>\n\t\t\t\t\t<\/div>\n\t\t<\/div>\n\t\t\t\t\t<\/div>\n\t\t<\/section>\n\t\t\t\t<section class=\"elementor-section elementor-top-section elementor-element elementor-element-8c32194 elementor-section-boxed elementor-section-height-default elementor-section-height-default\" data-id=\"8c32194\" data-element_type=\"section\">\n\t\t\t\t\t\t<div class=\"elementor-container elementor-column-gap-default\">\n\t\t\t\t\t<div class=\"elementor-column elementor-col-100 elementor-top-column elementor-element elementor-element-9a18df0\" data-id=\"9a18df0\" data-element_type=\"column\">\n\t\t\t<div class=\"elementor-widget-wrap elementor-element-populated\">\n\t\t\t\t\t\t<div class=\"elementor-element elementor-element-fa634dd elementor-widget elementor-widget-heading\" data-id=\"fa634dd\" data-element_type=\"widget\" data-widget_type=\"heading.default\">\n\t\t\t\t<div class=\"elementor-widget-container\">\n\t\t\t\t\t<h2 class=\"elementor-heading-title elementor-size-default\">Sri Lanka Tarih \u00dc\u00e7geni: S\u0131g\u0131r\u0131ya, Polonnaruwa Ve Anuradhapura<\/h2>\t\t\t\t<\/div>\n\t\t\t\t<\/div>\n\t\t\t\t<div class=\"elementor-element elementor-element-7624ac7 elementor-widget elementor-widget-text-editor\" data-id=\"7624ac7\" data-element_type=\"widget\" data-widget_type=\"text-editor.default\">\n\t\t\t\t<div class=\"elementor-widget-container\">\n\t\t\t\t\t\t\t\t\t<p>Bu \u00fc\u00e7 antik kenti gezebilmek i\u00e7in i\u015f biraz da ba\u015fa d\u00fc\u015f\u00fcyor. \u00c7\u00fcnk\u00fc bu \u00fc\u00e7 antik \u015fehir aras\u0131nda ula\u015f\u0131m\u0131 sa\u011flayabilmek i\u00e7in mutlaka bir araca ihtiya\u00e7 var \u00fcstelik ara\u00e7 bulmak da \u00f6yle kolay de\u011fil. Bu nedenle arac\u0131 olan bir rehber tutmak yap\u0131lacak en ak\u0131ll\u0131 i\u015f. Hele de b\u00f6lgenin insan sabr\u0131n\u0131 zorlayan s\u0131ca\u011f\u0131nda ara\u00e7 beklemek istemiyorsan\u0131z\u2026<\/p><p>\u00a0<\/p><p>2200 y\u0131ll\u0131k Ruvanvelisya tap\u0131na\u011f\u0131 ile insan\u0131 b\u00fcy\u00fcleyen ancak geri kalan\u0131 ile eper zarar g\u00f6rm\u00fc\u015f olan Anudradhapura&#8217;da insan bir yandan antik kenti i\u00e7ine \u00e7ekmeye \u00e7al\u0131\u015f\u0131rken bir yandan da oras\u0131ndan buras\u0131ndan sarkan \u00e7anta ve di\u011fer e\u015fyalar\u0131n\u0131 koruma alt\u0131na alma ihtiyac\u0131 duyuyor. \u00c7\u00fcnk\u00fc antik \u015fehrin neredeyse sahipleri haline gelmi\u015f olan makak maymunlar\u0131 epey yaramaz ve gelen ge\u00e7enin e\u015fyalar\u0131n\u0131 \u2018hoop\u2019 diye al\u0131veriyorlar.<\/p><p>\u00a0<\/p><p>Polonnawura antik \u015fehrinin en etkileyici b\u00f6l\u00fcm\u00fc ise\u00a0 \u00fc\u00e7 ayr\u0131 kayaya oyulmu\u015f olan dev Budha heykelleri. Budha heykellerini g\u00f6ren her turistin ilk tepkisi ayn\u0131. Birka\u00e7 saniyelik bir dona kalma, ard\u0131ndan y\u00fcz hatlar\u0131na oturan bir hayranl\u0131k ifadesi&#8230; \u00c7o\u011funun g\u00f6r\u00fc\u015f\u00fc, bu heykellerin bug\u00fcne kadar g\u00f6rd\u00fckleri (Tayland\u2019daki z\u00fcmr\u00fct Budha heykeli dahil) en etkileyici Budha heykeli oldu\u011fu\u2026<\/p>\t\t\t\t\t\t\t\t<\/div>\n\t\t\t\t<\/div>\n\t\t\t\t\t<\/div>\n\t\t<\/div>\n\t\t\t\t\t<\/div>\n\t\t<\/section>\n\t\t\t\t<section class=\"elementor-section elementor-top-section elementor-element elementor-element-c704102 elementor-section-boxed elementor-section-height-default elementor-section-height-default\" data-id=\"c704102\" data-element_type=\"section\">\n\t\t\t\t\t\t<div class=\"elementor-container elementor-column-gap-default\">\n\t\t\t\t\t<div class=\"elementor-column elementor-col-100 elementor-top-column elementor-element elementor-element-95f20be\" data-id=\"95f20be\" data-element_type=\"column\">\n\t\t\t<div class=\"elementor-widget-wrap elementor-element-populated\">\n\t\t\t\t\t\t<div class=\"elementor-element elementor-element-1041ea8 elementor-widget elementor-widget-heading\" data-id=\"1041ea8\" data-element_type=\"widget\" data-widget_type=\"heading.default\">\n\t\t\t\t<div class=\"elementor-widget-container\">\n\t\t\t\t\t<h2 class=\"elementor-heading-title elementor-size-default\">Yap\u0131n- Yapmay\u0131n<\/h2>\t\t\t\t<\/div>\n\t\t\t\t<\/div>\n\t\t\t\t<div class=\"elementor-element elementor-element-e48011f elementor-widget elementor-widget-text-editor\" data-id=\"e48011f\" data-element_type=\"widget\" data-widget_type=\"text-editor.default\">\n\t\t\t\t<div class=\"elementor-widget-container\">\n\t\t\t\t\t\t\t\t\t<ul>\n<li>Sri Lanka\u2019da inan\u0131lmas\u0131 g\u00fc\u00e7 ama kar\u015f\u0131la\u015f\u0131labilecek en b\u00fcy\u00fck zorluklardan biri kahvalt\u0131. \u2018String Hoppers\u2019 ismi verilen pilav yeme\u011fi kahvalt\u0131n\u0131n kare as\u0131\u2026 Ak\u015fam yeme\u011fini sabahlar\u0131 t\u00fcketmeye haz\u0131rlan\u0131n<\/li><li>Taze meyve standlar\u0131ndan Hindistan cevizi almay\u0131 unutmay\u0131n! Tad\u0131 muhte\u015fem\u2026<\/li><li>T\u00fcrkiye\u2019nin g\u00fcneyindeki sahillerde nas\u0131l voleybol veya futbol oynan\u0131yorsa, Sri Lanka\u2019da da Beach Kricket oynan\u0131yor. Hayat\u0131n\u0131zda bir de\u011fi\u015fiklik yap\u0131n. Sahilde oynayan gen\u00e7lerden oyunun kurallar\u0131n\u0131 \u00f6\u011frenin ve kat\u0131l\u0131n!<\/li><li>Sri Lanka\u2019da sahilin kenar\u0131ndaki palmiye a\u011fa\u00e7lar\u0131n\u0131n alt\u0131nda dinlenin.<\/li><li>Ba\u015fkent Kolombo\u2019nun geleneksel festivali Vel\u2019i ka\u00e7\u0131rmay\u0131n.<\/li><li>Sri Lanka\u2019n\u0131n me\u015fhur de\u011ferli ta\u015flar\u0131ndan satan d\u00fckkanlara u\u011framay\u0131 unutmay\u0131n.<\/li><\/ul>\n<p><\/p>\n<p>NASIL G\u0130D\u0130L\u0130R:<\/p>\n<p><\/p>\n<p>EM\u0130RATES HAVAYOLLARI: Emirates Havayollar\u0131 Sri Lanka\u2019ya u\u00e7mak i\u00e7in en iyi ve kaliteli havayollar\u0131ndan biri. \u00dcstelik bu destinasyona u\u00e7an Havayollar\u0131 aras\u0131nda fiyat\u0131 en uygun olanlardan:<\/p>\n<p><\/p>\n<p>Tel: (212) 315 45 45<\/p>\t\t\t\t\t\t\t\t<\/div>\n\t\t\t\t<\/div>\n\t\t\t\t\t<\/div>\n\t\t<\/div>\n\t\t\t\t\t<\/div>\n\t\t<\/section>\n\t\t\t\t<\/div>\n\t\t","protected":false},"excerpt":{"rendered":"<p>Foto\u011fraflar Sri Lanka Tourism \u201c\u015e\u00f6yle \u00e7alan telefonlar olmas\u0131n, kafam da\u011f\u0131ls\u0131n, \u2018sorumluluk\u2019 kelimesini hat\u0131rlamayay\u0131m, buradaki t\u00fcm s\u0131k\u0131nt\u0131lar\u0131m\u0131 unutay\u0131m istiyorum\u201d dedikten sonra, en yak\u0131n arkada\u015f\u0131m derin bir \u2018off\u2019 \u00e7ekerek, \u00e7enesini y\u00fcz\u00fcn\u00fc ta\u015f\u0131makta zorlan\u0131yormu\u015f gibi duran elinin \u00fczerine b\u0131rakt\u0131. \u00a0 \u201cSri Lanka\u2019ya git.\u201d \u00a0 Laf \u00f6ylece a\u011fz\u0131mdan \u00e7\u0131k\u0131vermi\u015fti. Oysa bu derdin bir s\u00fcr\u00fc devas\u0131 vard\u0131. \u2018Spa\u2019ya git, Cep [&hellip;]<\/p>\n","protected":false},"author":3,"featured_media":786,"comment_status":"closed","ping_status":"closed","sticky":false,"template":"","format":"standard","meta":{"footnotes":""},"categories":[20],"tags":[],"class_list":["post-780","post","type-post","status-publish","format-standard","has-post-thumbnail","hentry","category-yurt-disi"],"_links":{"self":[{"href":"https:\/\/melteminan.com\/index.php?rest_route=\/wp\/v2\/posts\/780","targetHints":{"allow":["GET"]}}],"collection":[{"href":"https:\/\/melteminan.com\/index.php?rest_route=\/wp\/v2\/posts"}],"about":[{"href":"https:\/\/melteminan.com\/index.php?rest_route=\/wp\/v2\/types\/post"}],"author":[{"embeddable":true,"href":"https:\/\/melteminan.com\/index.php?rest_route=\/wp\/v2\/users\/3"}],"replies":[{"embeddable":true,"href":"https:\/\/melteminan.com\/index.php?rest_route=%2Fwp%2Fv2%2Fcomments&post=780"}],"version-history":[{"count":13,"href":"https:\/\/melteminan.com\/index.php?rest_route=\/wp\/v2\/posts\/780\/revisions"}],"predecessor-version":[{"id":1029,"href":"https:\/\/melteminan.com\/index.php?rest_route=\/wp\/v2\/posts\/780\/revisions\/1029"}],"wp:featuredmedia":[{"embeddable":true,"href":"https:\/\/melteminan.com\/index.php?rest_route=\/wp\/v2\/media\/786"}],"wp:attachment":[{"href":"https:\/\/melteminan.com\/index.php?rest_route=%2Fwp%2Fv2%2Fmedia&parent=780"}],"wp:term":[{"taxonomy":"category","embeddable":true,"href":"https:\/\/melteminan.com\/index.php?rest_route=%2Fwp%2Fv2%2Fcategories&post=780"},{"taxonomy":"post_tag","embeddable":true,"href":"https:\/\/melteminan.com\/index.php?rest_route=%2Fwp%2Fv2%2Ftags&post=780"}],"curies":[{"name":"wp","href":"https:\/\/api.w.org\/{rel}","templated":true}]}}