{"id":837,"date":"2021-04-06T10:49:59","date_gmt":"2021-04-06T10:49:59","guid":{"rendered":"https:\/\/melteminan.com\/?p=837"},"modified":"2021-04-09T14:32:05","modified_gmt":"2021-04-09T14:32:05","slug":"dunyanin-en-guzel-5-oteli","status":"publish","type":"post","link":"https:\/\/melteminan.com\/?p=837","title":{"rendered":"D\u00fcnyan\u0131n En G\u00fczel 5  Oteli"},"content":{"rendered":"\n<p>Tatil sadece deniz, g\u00fcne\u015f, ya da g\u00f6r\u00fclecek yerlerden ibaret de\u011fildir.<br><br>Zamanla, \u00c7e\u015fme\u2019de kald\u0131\u011f\u0131m l\u00fcks otelin hemen yan\u0131ndaki yoldan ge\u00e7en mobilet sesleri, Marakesh\u2019teki otelimin yata\u011f\u0131ndan \u00e7\u0131kan b\u00f6cek, Port Sudan\u2019da kald\u0131\u011f\u0131m\u0131z otelin muslu\u011fundan gelen \u00e7amur rengindeki kokan su ve Peru\u2019da kald\u0131\u011f\u0131m\u0131z 5 y\u0131ld\u0131zl\u0131 otelin, d\u0131\u015far\u0131da ki hava 40 dereceyken klimas\u0131n\u0131n olmay\u0131\u015f\u0131 gibi sa\u00e7 a\u011f\u0131rtan tecr\u00fcbelerin ard\u0131ndan,&nbsp; tatilin di\u011fer yar\u0131s\u0131n\u0131n iyi bir otel oldu\u011funu kavramak zor olmad\u0131.<br><br>Tatilinizde kimi zaman odan\u0131zdan bile \u00e7\u0131kman\u0131z\u0131 istemeyece\u011finiz kadar g\u00fczel ve rahat oteller mevcut. \u00dcstelik illede \u00e7ok pahal\u0131 olmalar\u0131 gerekmiyor&#8230;<br><br>Bug\u00fcne kadar yurtd\u0131\u015f\u0131na seyahat etmek isteyen arkada\u015flar\u0131m\u0131n hepsinin sorusu ilk &#8220;nereye gidelim?&#8221; olduysa, ikincisi de her zaman &#8220;nerede kalal\u0131m?&#8221; d\u0131.<br><br>\u0130\u015fte tecr\u00fcbelerime dayanarak verebilece\u011fim cevaplar&#8230;<\/p>\n\n\n\n<p><\/p>\n\n\n\n<p><\/p>\n\n\n\n<div class=\"wp-block-columns is-layout-flex wp-container-core-columns-is-layout-9d6595d7 wp-block-columns-is-layout-flex\">\n<div class=\"wp-block-column is-layout-flow wp-block-column-is-layout-flow\" style=\"flex-basis:33.33%\">\n<figure class=\"wp-block-image size-medium\"><img fetchpriority=\"high\" decoding=\"async\" width=\"300\" height=\"300\" src=\"https:\/\/melteminan.com\/wp-content\/uploads\/2021\/04\/AMANPURI-2-300x300.jpg\" alt=\"\" class=\"wp-image-839\" srcset=\"https:\/\/melteminan.com\/wp-content\/uploads\/2021\/04\/AMANPURI-2-300x300.jpg 300w, https:\/\/melteminan.com\/wp-content\/uploads\/2021\/04\/AMANPURI-2-1024x1024.jpg 1024w, https:\/\/melteminan.com\/wp-content\/uploads\/2021\/04\/AMANPURI-2-150x150.jpg 150w, https:\/\/melteminan.com\/wp-content\/uploads\/2021\/04\/AMANPURI-2-768x768.jpg 768w\" sizes=\"(max-width: 300px) 100vw, 300px\" \/><\/figure>\n<\/div>\n\n\n\n<div class=\"wp-block-column is-layout-flow wp-block-column-is-layout-flow\" style=\"flex-basis:66.66%\">\n<h2 class=\"wp-block-heading\">Amanpuri &#8211; Tayland<\/h2>\n\n\n\n<p>Turkuvaz denizi, palmiye a\u011fa\u00e7lar\u0131 ve beyaz kum \u00fczerinde yer alan bir cennet Amanpuri. \u2018The Beach\u2019 filmi \u00e7ekilirken Leonardo Di Caprio\u2019nun kald\u0131\u011f\u0131 otel olarak da bilinen Amanpuri, tam anlam\u0131yla bir balay\u0131 oteli. Ayr\u0131 ayr\u0131 s\u00fcper l\u00fcks bungalovlardan olu\u015fan otelin huzurlu sahilinde vakit ge\u00e7irmek ise ayr\u0131 bir keyif. \u00d6zel Tayland sanat\u0131n\u0131n \u00f6rnekleri ile dekore edilmi\u015f 115 metre karelik odalar\u0131n d\u0131\u015f k\u0131sm\u0131nda kendisine ait bir manzaral\u0131 yemek yeme b\u00f6lgesi yer al\u0131yor. Geceleri ise kumlar\u0131n \u00fczerine kurulan \u00f6zel masalar ve denizin i\u00e7ine yerle\u015ftirilen me\u015falelerle masals\u0131 bir tad yakalayan restoran, g\u00fcn bat\u0131m\u0131n\u0131 e\u015fsiz k\u0131l\u0131yor.<\/p>\n<\/div>\n<\/div>\n\n\n\n<div class=\"wp-block-columns is-layout-flex wp-container-core-columns-is-layout-9d6595d7 wp-block-columns-is-layout-flex\">\n<div class=\"wp-block-column is-layout-flow wp-block-column-is-layout-flow\" style=\"flex-basis:33.33%\">\n<figure class=\"wp-block-image size-medium\"><img decoding=\"async\" width=\"300\" height=\"300\" src=\"https:\/\/melteminan.com\/wp-content\/uploads\/2021\/04\/chateau-mcely_600-PRAG-300x300.jpg\" alt=\"\" class=\"wp-image-844\" srcset=\"https:\/\/melteminan.com\/wp-content\/uploads\/2021\/04\/chateau-mcely_600-PRAG-300x300.jpg 300w, https:\/\/melteminan.com\/wp-content\/uploads\/2021\/04\/chateau-mcely_600-PRAG-150x150.jpg 150w\" sizes=\"(max-width: 300px) 100vw, 300px\" \/><\/figure>\n<\/div>\n\n\n\n<div class=\"wp-block-column is-layout-flow wp-block-column-is-layout-flow\" style=\"flex-basis:66.66%\">\n<h2 class=\"wp-block-heading\">Chateau Mcely &#8211; Prag<\/h2>\n\n\n\n<p>Bir \u015fato eviniz olabilir mi? E\u011fer kalmaya karar verdi\u011finiz otel Chateau Mcely ise tabii ki olabilir. 17. y\u00fczy\u0131lda bir \u015fatoda ya\u015faman\u0131n romantik keyfine varmak i\u00e7in Prag\u2019dan sadece 1 saat uzakl\u0131kta yer alan, farkl\u0131 cins ku\u015flar\u0131n huzurlu seslerini duyabilece\u011finiz ve ye\u015filin birbirinden de\u011fi\u015fik tonlar\u0131n\u0131 yakalayabilece\u011finiz St George orman\u0131n\u0131n i\u00e7indeki bu \u015fato, ge\u00e7mi\u015fin tad\u0131 ile modern ya\u015fam\u0131n konforunu ayn\u0131 b\u00fcnyede m\u00fckemmel bir uyumla bar\u0131nd\u0131rmay\u0131 ba\u015far\u0131yor.<\/p>\n\n\n\n<p>Geni\u015f odalar\u0131n dekorasyonu, 17. y\u00fczy\u0131l\u0131n gelenekleri ve ya\u015fam \u015fekilleri ara\u015ft\u0131r\u0131larak olu\u015fturulmu\u015f. \u015eato\u2019nun ziyaret\u00e7ileri aras\u0131nda en favori aktivite ise, odalardan g\u00f6r\u00fcnen muhte\u015fem orman manzaras\u0131nda yap\u0131lan uzun bir y\u00fcr\u00fcy\u00fc\u015f, b\u00f6lgeye has ve sa\u011fl\u0131\u011fa iyi geldi\u011fi \u0131spat edilmi\u015f olan \u00e7amur banyosu, her ne kadar kar\u015f\u0131 olsam da av ve at arabalar\u0131 ile yap\u0131lan olan romantik bir gezinti<\/p>\n<\/div>\n<\/div>\n\n\n\n<div class=\"wp-block-columns is-layout-flex wp-container-core-columns-is-layout-9d6595d7 wp-block-columns-is-layout-flex\">\n<div class=\"wp-block-column is-layout-flow wp-block-column-is-layout-flow\" style=\"flex-basis:33.33%\">\n<figure class=\"wp-block-image size-large\"><img decoding=\"async\" width=\"1024\" height=\"869\" src=\"https:\/\/melteminan.com\/wp-content\/uploads\/2021\/04\/ANANDA-1024x869.jpg\" alt=\"\" class=\"wp-image-852\"\/><\/figure>\n<\/div>\n\n\n\n<div class=\"wp-block-column is-layout-flow wp-block-column-is-layout-flow\" style=\"flex-basis:66.66%\">\n<h2 class=\"wp-block-heading\">Ananda Resort Himalayas &#8211; Hindistan<\/h2>\n\n\n\n<p>Himalayalardaki bir otelden ne beklersiniz? Elbette i\u00e7inde bir DJ oldu\u011fu ve parti ortam\u0131n\u0131n yakaland\u0131\u011f\u0131 kul\u00fcb\u00fcn oldu\u011fu bir otel de\u011fil. Hindistan, hatta s\u00f6z konusu olan Himalayalar ise o zaman cevap haz\u0131r: Huzur, yenilenme, sa\u011fl\u0131k, ayd\u0131nlanma, ruhani ar\u0131nma.. T\u00fcm bunlar\u0131 Ananda Resort Himalayas da bulabilmek m\u00fcmk\u00fcn.<\/p>\n\n\n\n<p>S\u00fcper l\u00fcks bir otelden beklenebilecek her t\u00fcrl\u00fc konfora sahip otelde benim en ho\u015fuma giden taraf detaylara verilen \u00f6nem oldu, Her yerde su dolu dekoratif kaplara yerle\u015ftirilmi\u015f \u00e7i\u00e7ek yapraklar\u0131 ve i\u00e7inde y\u00fczen yanan mumlar yer al\u0131yor. Etrafa yay\u0131lan \u00e7i\u00e7ek kokusu ise cabas\u0131\u2026<\/p>\n\n\n\n<p>V\u00fccudunuzu rahatlatmak i\u00e7in 79 adetlik bir men\u00fcden se\u00e7ebilece\u011finiz farkl\u0131 uygulamar ile adeta bir rekora imza atan otel, yoga, masaj, detox uygulamalar\u0131, sa\u011fl\u0131kl\u0131 yemek gibi t\u00fcm\u00fcyle insan bedeni sa\u011fl\u0131\u011f\u0131na y\u00f6nelik programlar yer al\u0131yor. \u2018Ben \u00f6mr\u00fcm\u00fcn sonuna kadar burada ya\u015famak istiyorum\u2019 dedirten dekorasyonu ve Himalayalar\u0131n b\u00fcy\u00fcl\u00fc manzaras\u0131 ile Ananda Resort hayat\u0131n\u0131z\u0131 yeniden g\u00f6zden ge\u00e7irtip de\u011fi\u015ftirmesini sa\u011flatacak derecede ola\u011fan\u00fcst\u00fc bir yer.<\/p>\n\n\n\n<p><\/p>\n<\/div>\n<\/div>\n\n\n\n<div class=\"wp-block-columns is-layout-flex wp-container-core-columns-is-layout-9d6595d7 wp-block-columns-is-layout-flex\">\n<div class=\"wp-block-column is-layout-flow wp-block-column-is-layout-flow\" style=\"flex-basis:33.33%\">\n<figure class=\"wp-block-image size-medium\"><img loading=\"lazy\" decoding=\"async\" width=\"300\" height=\"300\" src=\"https:\/\/melteminan.com\/wp-content\/uploads\/2021\/04\/burjalarab02-300x300.jpg\" alt=\"\" class=\"wp-image-846\" srcset=\"https:\/\/melteminan.com\/wp-content\/uploads\/2021\/04\/burjalarab02-300x300.jpg 300w, https:\/\/melteminan.com\/wp-content\/uploads\/2021\/04\/burjalarab02-150x150.jpg 150w, https:\/\/melteminan.com\/wp-content\/uploads\/2021\/04\/burjalarab02-768x768.jpg 768w\" sizes=\"(max-width: 300px) 100vw, 300px\" \/><\/figure>\n<\/div>\n\n\n\n<div class=\"wp-block-column is-layout-flow wp-block-column-is-layout-flow\" style=\"flex-basis:66.66%\">\n<h2 class=\"wp-block-heading\">Burj El Arab &#8211; Dubai<\/h2>\n\n\n\n<p>5 y\u0131ld\u0131zl\u0131 bir otelden ne bekleyebilece\u011finizi a\u015fa\u011f\u0131 yukar\u0131 bilebilirseniz. Peki ya 7 y\u0131ld\u0131zl\u0131 bir otelden? 7 y\u0131ld\u0131zl\u0131 bir otel art\u0131k beklentileri de\u011fil hayalleri kar\u015f\u0131lar.<\/p>\n\n\n\n<p>Yelken Otel olarak an\u0131lan Burj El Arab tam 1 milyar dolara in\u015fa edilmi\u015f ve 500 milyon dolar i\u00e7 dekor i\u00e7in harcanm\u0131\u015f. Anlat\u0131lanlara g\u00f6re otel 50 y\u0131l full olsa bile maliyetini kar\u015f\u0131lam\u0131yor.<\/p>\n\n\n\n<p>Odalar\u0131n 2000$ ile 35,000$ aras\u0131nda de\u011fi\u015fti\u011fi otel yar\u0131m boy som alt\u0131ndan yap\u0131lm\u0131\u015f. Balo salonunun yap\u0131m\u0131nda kullan\u0131lan alt\u0131n miktar\u0131n\u0131n bir basketbol sahas\u0131n\u0131 dolduracak kadar oldu\u011fu s\u00f6yleniyor. Odalarda kullan\u0131lan \u00e7aydanl\u0131k, tabaklar ve hatta kap\u0131 kollar\u0131 bile alt\u0131ndan. Otel transferlerinin Rolls Royce arabalarla yap\u0131ld\u0131\u011f\u0131 Burj El Arab\u2019da otel odalar\u0131 \u00e7ok b\u00fcy\u00fck yap\u0131ld\u0131\u011f\u0131 i\u00e7in kap\u0131 uzaktan kumandas\u0131 bile konulmu\u015f.<\/p>\n\n\n\n<p>En me\u015fhur spesiyalite ise alt\u0131n tozu d\u00f6k\u00fcml\u00fc mantar \u00e7orbas\u0131.<\/p>\n\n\n\n<p>Kral ve Krali\u00e7eler nas\u0131l ya\u015f\u0131yordu merak ediyorsan\u0131z adres belli: Burj El Arab.<\/p>\n\n\n\n<p><\/p>\n<\/div>\n<\/div>\n\n\n\n<div class=\"wp-block-columns is-layout-flex wp-container-core-columns-is-layout-9d6595d7 wp-block-columns-is-layout-flex\">\n<div class=\"wp-block-column is-layout-flow wp-block-column-is-layout-flow\" style=\"flex-basis:33.33%\">\n<figure class=\"wp-block-image size-medium\"><img loading=\"lazy\" decoding=\"async\" width=\"300\" height=\"300\" src=\"https:\/\/melteminan.com\/wp-content\/uploads\/2021\/04\/marmara-manhattan-building1-300x300.jpg\" alt=\"\" class=\"wp-image-850\" srcset=\"https:\/\/melteminan.com\/wp-content\/uploads\/2021\/04\/marmara-manhattan-building1-300x300.jpg 300w, https:\/\/melteminan.com\/wp-content\/uploads\/2021\/04\/marmara-manhattan-building1-1024x1024.jpg 1024w, https:\/\/melteminan.com\/wp-content\/uploads\/2021\/04\/marmara-manhattan-building1-150x150.jpg 150w, https:\/\/melteminan.com\/wp-content\/uploads\/2021\/04\/marmara-manhattan-building1-768x768.jpg 768w\" sizes=\"(max-width: 300px) 100vw, 300px\" \/><\/figure>\n<\/div>\n\n\n\n<div class=\"wp-block-column is-layout-flow wp-block-column-is-layout-flow\" style=\"flex-basis:66.66%\">\n<h2 class=\"wp-block-heading\">The Marmara Manhattan &#8211; New York<\/h2>\n\n\n\n<p>Ne yalan s\u00f6yleyeyim New York\u2019taki arkada\u015flar\u0131m telefon edip de \u201cnerede kal\u0131yorsun?\u201d diye sorduklar\u0131nda \u201cThe Marmara Manhattan\u201d diyebilmek, bende T\u00fcrkiye Avrupa Futbol \u015eampiyonas\u0131nda \u015fampiyon oldu\u011fundaki ya\u015fad\u0131klar\u0131mla benzer hisler ya\u015fatt\u0131. Bir T\u00fcrk otel zincirinin yurt d\u0131\u015f\u0131na a\u00e7\u0131l\u0131yor olmas\u0131, \u00fcstelik bunu en iddial\u0131 bir \u015fekilde, masraftan hi\u00e7 ka\u00e7\u0131nmadan ve Frank Sinatra\u2019n\u0131n \u015fark\u0131s\u0131nda da s\u00f6yledi\u011fi gibi \u2018D\u00fcnya\u2019n\u0131n tepesi\u2019 say\u0131lan New York\u2019ta ba\u015farmas\u0131 insana gurur veriyor.<\/p>\n\n\n\n<p>New York\u2019ta otel \u00f6ncelikle lokasyon demek. New York\u2019u ziyaret eden birinin en \u00e7ok g\u00f6rmek isteyebilece\u011fi Metropolitan M\u00fczesi ya da Central Park\u2019a olan yak\u0131nl\u0131\u011f\u0131 bile The Marmara\u2019n\u0131n ne kadar merkesi ve \u00f6nemli bir alanda yer ald\u0131\u011f\u0131n\u0131 belirtmek i\u00e7in yeterli. Kartpostallardaki New York\u2019un ayn\u0131s\u0131 bir manzaraya sahip olmas\u0131 ise cabas\u0131\u2026 Ancak The Marmara Manhattan\u2019\u0131n benim i\u00e7in en \u00f6nemli \u00f6zelli\u011fi, seyahatlerde evin havas\u0131n\u0131 ve tad\u0131n\u0131 \u00f6zleyen benim gibiler i\u00e7in sa\u011flad\u0131\u011f\u0131 ev konforu. L\u00fcks mobilyalar, ve i\u00e7inde yer alan, mutfak bu ortam\u0131 sa\u011flayan \u00f6zelliklerden sadece bir tanesi. Zaten The Marmara Manhattan\u2019\u0131n slogan\u0131 da bu konudaki iddias\u0131n\u0131 kan\u0131tl\u0131yor. \u201cEvden uzaktaki eviniz\u201d<\/p>\n<\/div>\n<\/div>\n","protected":false},"excerpt":{"rendered":"<p>Tatil sadece deniz, g\u00fcne\u015f, ya da g\u00f6r\u00fclecek yerlerden ibaret de\u011fildir. Zamanla, \u00c7e\u015fme\u2019de kald\u0131\u011f\u0131m l\u00fcks otelin hemen yan\u0131ndaki yoldan ge\u00e7en mobilet sesleri, Marakesh\u2019teki otelimin yata\u011f\u0131ndan \u00e7\u0131kan b\u00f6cek, Port Sudan\u2019da kald\u0131\u011f\u0131m\u0131z otelin muslu\u011fundan gelen \u00e7amur rengindeki kokan su ve Peru\u2019da kald\u0131\u011f\u0131m\u0131z 5 y\u0131ld\u0131zl\u0131 otelin, d\u0131\u015far\u0131da ki hava 40 dereceyken klimas\u0131n\u0131n olmay\u0131\u015f\u0131 gibi sa\u00e7 a\u011f\u0131rtan tecr\u00fcbelerin ard\u0131ndan,&nbsp; tatilin [&hellip;]<\/p>\n","protected":false},"author":3,"featured_media":838,"comment_status":"closed","ping_status":"closed","sticky":false,"template":"","format":"standard","meta":{"footnotes":""},"categories":[24],"tags":[],"class_list":["post-837","post","type-post","status-publish","format-standard","has-post-thumbnail","hentry","category-zirve-listesi"],"_links":{"self":[{"href":"https:\/\/melteminan.com\/index.php?rest_route=\/wp\/v2\/posts\/837","targetHints":{"allow":["GET"]}}],"collection":[{"href":"https:\/\/melteminan.com\/index.php?rest_route=\/wp\/v2\/posts"}],"about":[{"href":"https:\/\/melteminan.com\/index.php?rest_route=\/wp\/v2\/types\/post"}],"author":[{"embeddable":true,"href":"https:\/\/melteminan.com\/index.php?rest_route=\/wp\/v2\/users\/3"}],"replies":[{"embeddable":true,"href":"https:\/\/melteminan.com\/index.php?rest_route=%2Fwp%2Fv2%2Fcomments&post=837"}],"version-history":[{"count":8,"href":"https:\/\/melteminan.com\/index.php?rest_route=\/wp\/v2\/posts\/837\/revisions"}],"predecessor-version":[{"id":967,"href":"https:\/\/melteminan.com\/index.php?rest_route=\/wp\/v2\/posts\/837\/revisions\/967"}],"wp:featuredmedia":[{"embeddable":true,"href":"https:\/\/melteminan.com\/index.php?rest_route=\/wp\/v2\/media\/838"}],"wp:attachment":[{"href":"https:\/\/melteminan.com\/index.php?rest_route=%2Fwp%2Fv2%2Fmedia&parent=837"}],"wp:term":[{"taxonomy":"category","embeddable":true,"href":"https:\/\/melteminan.com\/index.php?rest_route=%2Fwp%2Fv2%2Fcategories&post=837"},{"taxonomy":"post_tag","embeddable":true,"href":"https:\/\/melteminan.com\/index.php?rest_route=%2Fwp%2Fv2%2Ftags&post=837"}],"curies":[{"name":"wp","href":"https:\/\/api.w.org\/{rel}","templated":true}]}}