{"id":972,"date":"2021-04-12T17:46:19","date_gmt":"2021-04-12T17:46:19","guid":{"rendered":"https:\/\/melteminan.com\/?p=972"},"modified":"2021-04-12T18:10:46","modified_gmt":"2021-04-12T18:10:46","slug":"mardin","status":"publish","type":"post","link":"https:\/\/melteminan.com\/?p=972","title":{"rendered":"Mardin\u2019 Ka\u00e7\u0131\u015f Plan\u0131 36 Saat Cuma &#8211; Pazar"},"content":{"rendered":"\t\t<div data-elementor-type=\"wp-post\" data-elementor-id=\"972\" class=\"elementor elementor-972\">\n\t\t\t\t\t\t<section class=\"elementor-section elementor-top-section elementor-element elementor-element-fcbdb7d elementor-section-boxed elementor-section-height-default elementor-section-height-default\" data-id=\"fcbdb7d\" data-element_type=\"section\">\n\t\t\t\t\t\t<div class=\"elementor-container elementor-column-gap-default\">\n\t\t\t\t\t<div class=\"elementor-column elementor-col-100 elementor-top-column elementor-element elementor-element-75152528\" data-id=\"75152528\" data-element_type=\"column\">\n\t\t\t<div class=\"elementor-widget-wrap elementor-element-populated\">\n\t\t\t\t\t\t<div class=\"elementor-element elementor-element-5465333e elementor-widget elementor-widget-text-editor\" data-id=\"5465333e\" data-element_type=\"widget\" data-widget_type=\"text-editor.default\">\n\t\t\t\t<div class=\"elementor-widget-container\">\n\t\t\t\t\t\t\t\t\t<p>D\u00fcnya &#8216;da Venedik&#8217;ten sonra yap\u0131 dokusu bozulmam\u0131\u015f ikinci \u015fehir konumunda olan Mardin, tarihi ve k\u00fclt\u00fcr yap\u0131s\u0131 ile UNESCO &#8216;nun &#8220;D\u00fcnya Miras\u0131 Kenti Listesi &#8221; girdi. Daha bozulmadan ne kadar dayanaca\u011f\u0131 bilinmez . S\u0131rf bu nedenden dolay\u0131 bile bir an \u00f6nce ziyaret edilmeyi hak ediyor! CUMA 1. G\u00dcN G\u0130D\u0130\u015e Cuma\u2019dan Pazar\u2019a , Mardin\u2019e 36 saatlik Ka\u00e7\u0131\u015f Plan\u0131 i\u00e7in en uygun u\u00e7ak, Anadolu Jet\u2019in Sabiha G\u00f6k\u00e7en Havaliman\u0131ndan 19:15 te kalkan ve Mardin Havaliman\u0131na 21:05\u2019te varan u\u00e7a\u011f\u0131. Bavulu ald\u0131yd\u0131m, \u015fehir merkezine indiydim derken, otele var\u0131\u015f\u0131n\u0131z saat\u00a0 22:00 yi buluyor. Otelde bir \u015feyler at\u0131\u015ft\u0131r\u0131p, g\u00fczel bir uyku \u00e7ekip sabah erkenden uyanmak i\u00e7in ideal bir u\u00e7u\u015f saati. Sanki bu ka\u00e7amak d\u00fc\u015f\u00fcn\u00fclerek ayarlanm\u0131\u015f gibi.<\/p><p>\u00a0<\/p><p>Anadolu Jet ile d\u00f6n\u00fc\u015f ise 21:35 te. Sabiha G\u00f6k\u00e7en Havaliman\u0131na var\u0131\u015f 23:30 var\u0131\u015f. Belki ertesi g\u00fcn i\u015fe biraz uykulu gideceksiniz ancak yapm\u0131\u015f oldu\u011funuz k\u0131sa Mardin ka\u00e7ama\u011f\u0131n\u0131n verdi\u011fi adrenalin, Pazartesini atlatman\u0131z\u0131 sa\u011flayacakt\u0131r&#8230;<\/p><div>\u00a0<\/div>\t\t\t\t\t\t\t\t<\/div>\n\t\t\t\t<\/div>\n\t\t\t\t\t<\/div>\n\t\t<\/div>\n\t\t\t\t\t<\/div>\n\t\t<\/section>\n\t\t\t\t<section class=\"elementor-section elementor-top-section elementor-element elementor-element-ebeb60a elementor-section-boxed elementor-section-height-default elementor-section-height-default\" data-id=\"ebeb60a\" data-element_type=\"section\">\n\t\t\t\t\t\t<div class=\"elementor-container elementor-column-gap-default\">\n\t\t\t\t\t<div class=\"elementor-column elementor-col-100 elementor-top-column elementor-element elementor-element-a640c64\" data-id=\"a640c64\" data-element_type=\"column\">\n\t\t\t<div class=\"elementor-widget-wrap elementor-element-populated\">\n\t\t\t\t\t\t<div class=\"elementor-element elementor-element-84a1879 elementor-widget elementor-widget-heading\" data-id=\"84a1879\" data-element_type=\"widget\" data-widget_type=\"heading.default\">\n\t\t\t\t<div class=\"elementor-widget-container\">\n\t\t\t\t\t<h2 class=\"elementor-heading-title elementor-size-default\">CUMARTES\u0130 2. G\u00dcN  <\/h2>\t\t\t\t<\/div>\n\t\t\t\t<\/div>\n\t\t\t\t<div class=\"elementor-element elementor-element-ba56c93 elementor-widget elementor-widget-text-editor\" data-id=\"ba56c93\" data-element_type=\"widget\" data-widget_type=\"text-editor.default\">\n\t\t\t\t<div class=\"elementor-widget-container\">\n\t\t\t\t\t\t\t\t\t<p><b>10:00 ARA SOKAKLAR<\/b><\/p><p><span style=\"color: var(--e-global-color-text);\">Otelde kahvalt\u0131n\u0131z\u0131 ettiniz ve Mardin sokaklar\u0131na \u00e7\u0131kt\u0131n\u0131z. \u015eehrin yeni taraf\u0131nda oyalanmaya de\u011fmez, Mardin\u2019de akla ilk gelen \u00fcst\u00fc \u00fcste setler halinde dizilmi\u015f alt\u0131n sar\u0131s\u0131 ta\u015flardan olu\u015fan \u015fehrin eski k\u0131sm\u0131.. D\u00fcnyan\u0131n en eski 3 \u015fehrinden biri olan Mardin 2500 y\u0131ll\u0131k bir \u015fehircilik anlay\u0131\u015f\u0131n\u0131 kendine \u00f6zg\u00fc ta\u015f\u0131 ve mimarisiyle g\u00fcn\u00fcm\u00fcze ta\u015f\u0131yor.\u00a0 Bu \u015fehri\u00a0 ke\u015ffetmenin en kolay yolu ise y\u00fcr\u00fcyerek gezmek. \u00d6zellikle de \u015fehir ile ilgili en ufak bir detay\u0131 bile ka\u00e7\u0131rmak istemiyorsan\u0131z&#8230;<\/span><\/p><p>\u00a0<\/p><p>Mardin \u00c7ar\u015f\u0131s\u0131n\u0131n ana yolu olan 1. Caddeye geldikten sonra (ki bu cadde tek y\u00f6n) elinizde foto\u011fraf makinesi hemen ara sokaklara dal\u0131n. Mardin\u2019in ara sokaklar\u0131 yaz\u0131n g\u00f6lge olu\u015fturacak kadar dar, ama bir cenaze ve onu ta\u015f\u0131yan 4 ki\u015finin ge\u00e7ece\u011fi kadar geni\u015f yap\u0131lm\u0131\u015f. Bu da \u015fu m\u00fcjdeyi veriyor: Araba yooook!!!! Ne bir korna sesi, ne ezilme tehlikesi , ne egzoz borusundan \u00e7\u0131kan gazlar. Mardin ta\u015f\u0131ndan yap\u0131lm\u0131\u015f o birbirinden g\u00fczel evler , konaklar insan\u0131 adeta b\u00fcy\u00fcl\u00fcyor. \u0130lgimi \u00e7eken bir \u015fey daha var. O da Sokaklar\u0131n p\u0131r\u0131l p\u0131r\u0131l olmas\u0131.. Nedenini ise az sonra \u00f6\u011freniyorum.Mardin\u2019in ara sokaklar\u0131na araba giremeyince, \u00e7\u00f6pleri toplamak i\u00e7in ba\u015fka bir \u00e7\u00f6z\u00fcm bulunmu\u015f: E\u015fekler. \u00dcstelik bu e\u015fekler kadrolu&#8230; Kadrosuz olanlar ise turist ta\u015f\u0131yor. Yani olur da y\u00fcr\u00fcmekten yorulursan\u0131z, taksi-e\u015fekler emrinize haz\u0131r. \u00dcstelik \u00f6zel \u015fof\u00f6rl\u00fc!!!<\/p><p>\u00a0<\/p><p>ABBAR<span style=\"color: var(--e-global-color-text);\">ALAR<\/span><\/p><p>B\u00fcy\u00fcleyen bir di\u011fer \u00f6zellik ise Abbaralar&#8230; Mardin \u015fehircili\u011finin en keyifli taraf\u0131 bu abbaralar \u00e7\u00fcnk\u00fc bu yer alt\u0131 k\u00f6pr\u00fcleri bir mahalleden di\u011ferine saniyeler i\u00e7inde ge\u00e7menizi sa\u011fl\u0131yor ve \u00fcstelik \u00e7ok g\u00fczel foto\u011fraf veriyorlar. Abbaralar\u0131n alt k\u0131sm\u0131 kamuya ait, \u00fcst k\u0131sm\u0131 ise ev sahibinin m\u00fclkiyetinde&#8230;. Her abbaraya, hemen \u00fcst\u00fcndeki kona\u011fa sahip olan\u00a0 ailenin ad\u0131 verilmi\u015f. Burda kime sorsan\u0131z, s\u00f6z konusu olan abbaralar olunca an\u0131nda \u015fair kesiliyorlar. Abbaralar i\u00e7in \u201cKaranl\u0131klar i\u00e7inde ruh dinginli\u011finin ferah ayd\u0131nl\u0131\u011fa ge\u00e7i\u015finin simgesi\u201d diyorlar.<\/p><p><span style=\"color: var(--e-global-color-text);\">Abbaralar eskiden a\u015f\u0131klar\u0131n bulu\u015fma yeri , kabaday\u0131lar\u0131n ise kavga mekan\u0131ym\u0131\u015f.<\/span><\/p><p><span style=\"color: var(--e-global-color-text);\">Romantik olan bir \u015fey daha var&#8230; O da Mardin\u2019in ta\u015f evlerindeki ta\u015f s\u00fcslemeler.<\/span><\/p><p>\u00a0<\/p><p>\u0130nsan Mardin de dola\u015f\u0131rken her an kafas\u0131n\u0131 g\u00f6z\u00fcn\u00fc yarabilir. \u00c7\u00fcnk\u00fc burada, binalar\u0131n ve ta\u015f oymac\u0131l\u0131\u011f\u0131n\u0131n g\u00fczelli\u011fi kar\u015f\u0131s\u0131nda b\u00fcy\u00fclenip,bast\u0131\u011f\u0131n\u0131z yere de\u011fil\u00a0 hep havaya yani binalara bak\u0131yorsunuz&#8230; Mardin yap\u0131lar\u0131nda kullan\u0131lan ta\u015flar \u00e7ok \u00f6zel. Bu ta\u015flar ocaktan \u00e7\u0131kt\u0131\u011f\u0131nda yumu\u015fac\u0131k oluyorlar.\u00a0 Ard\u0131ndan g\u00f6lgede i\u015flendikten ve istenilen \u015fekil verildikten sonra \u0131\u015f\u0131\u011fa \u00e7\u0131kart\u0131l\u0131yorlar . Bu t\u00fcr kire\u00e7ta\u015flar\u0131n\u0131n tebe\u015firimsi \u00f6zellik sunmalar\u0131, ince tane yap\u0131l\u0131 olmalar\u0131, \u00e7\u0131kart\u0131ld\u0131klar\u0131nda rahatl\u0131kla \u00e7izilebilecek \u00f6zelliklere sahip olmalar\u0131 ince i\u015f\u00e7ilik i\u00e7in albenilerini artt\u0131r\u0131yor.<\/p><p>\u00a0<\/p><p><b>11:30 TELLALAR \u00c7AR\u015eISI<\/b><\/p><p>Ara sokaklar bir s\u00fcre sonra sizi Tellalar \u00c7ar\u015f\u0131s\u0131na getirecektir. Burada Hasan \u00d6zcan\u2019\u0131\u00a0 bulun. Bak\u0131r tepsi \u00fczerine Mardin\u2019in art\u0131k simgesi haline gelmi\u015f olan ba\u015f\u0131 kad\u0131n, v\u00fccudu y\u0131landan olu\u015fan bir fig\u00fcr olan \u015eahmaran\u2019\u0131 kabartma halinde i\u015fliyor. Size bir yandan \u015eahmaran\u2019\u0131n hikayesini anlat\u0131yor, bir yandan bu bak\u0131r tabaklar\u0131 nas\u0131l i\u015fledi\u011fini g\u00f6steriyor. \u201c\u015eahmaran\u2019\u0131n resmi hangi evde olursa o eve u\u011fur ve bereket gelir\u201d diyor. Bir bakm\u0131\u015fs\u0131n\u0131z \u201cal\u0131\u015fveri\u015f yapmay\u0131 d\u00fc\u015f\u00fcnm\u00fcyorum\u201d gibi haval\u0131 c\u00fcmleler kurarken, tabaklar\u0131 \u00fc\u00e7er be\u015fer \u00e7antan\u0131za atm\u0131\u015fs\u0131n\u0131z bile.<\/p><p>\u00a0<\/p><p><b>12:30 RIDO\u2019NUN YER\u0130:<\/b><\/p><p>Ac\u0131kt\u0131\u011f\u0131n\u0131z zaman herkesin size verece\u011fi adres ayn\u0131: \u201cR\u0131do\u2019nun kebab\u0131n\u0131 yemeden gitme!\u201d<\/p><p>\u00a0<\/p><p>1920\u2019lerde ilk kurulan d\u00fckkanda i\u015fletme bug\u00fcn de devam ediyor.D\u00fckkan son derece g\u00f6steri\u015fsiz. Yiyece\u011fi yerde ambiyans arayanlardansan\u0131z R\u0131do beklentileriniz hi\u00e7 kar\u015f\u0131lamaz. 1980 lerden kalma banyo seramikleri pek ho\u015f g\u00f6r\u00fcnm\u00fcyor.Ancak arad\u0131\u011f\u0131n\u0131z lezzet ise o zaman asla hayal k\u0131r\u0131kl\u0131\u011f\u0131na u\u011framazs\u0131n\u0131z.Muhte\u015fem! R\u0131do\u2019nun Mardin kebab\u0131 Anadolu\u2019nun ba\u015fka y\u00f6relerinde de kullan\u0131lan b\u0131\u00e7ak k\u0131ymas\u0131ndan yap\u0131l\u0131yor. Kebap b\u00fcy\u00fck b\u0131\u00e7aklar kullan\u0131larak etin elle k\u0131yma haline getirilmesi ile haz\u0131rlan\u0131yor. K\u0131ymada kuzu ve s\u00fct danas\u0131 eti kullan\u0131l\u0131yor. Etler g\u00fcnl\u00fck olarak kasaptan al\u0131n\u0131p etin sinirleri mutlaka ay\u0131klan\u0131yor. Kebap \u0131s\u0131t\u0131lm\u0131\u015f lava\u015f ile birlikte servis ediliyor. Etin ya\u011f\u0131 ile \u0131slanm\u0131\u015f lava\u015f\u0131n tad\u0131 harika. B\u0131\u00e7ak ile k\u0131y\u0131lan, y\u00f6resel kuzu k\u0131ymas\u0131n\u0131n tad\u0131na doyamayaca\u011f\u0131n\u0131zdan eminim iyisi mi siz ba\u015ftan 1,5 porsiyon s\u00f6yleyin. Fiyatlar gayet uygun. Salata, garnit\u00fcr, 1.5 kebap, lava\u015f, kola dahil R\u0131do\u2019dan\u00a0 13 milyona kalkt\u0131\u011f\u0131m\u0131 bilirim. \u00dcstelik kemerimi gev\u015fetmek zorunda kalaraktan! Adres: 1. cadde no:203<\/p><p>\u00a0<\/p><p><b>14:00\u00a0 KAS\u0130M\u0130YE MEDRESES\u0130<\/b><\/p><p><span style=\"color: var(--e-global-color-text);\">Kasimiye Medresesi , \u00f6zellikle de foto\u011fraf \u00e7ekmeyi sevenler i\u00e7in bir \u015f\u00f6len gibidir. Ama benim gibi foto\u011fraf karemde \u201cmimari yap\u0131larda insan unsuru\u201d bulunsun diyenlerdenseniz o zaman Medresenin bek\u00e7isi ile yetinmek zorunda kalacaks\u0131n\u0131z \u00e7\u00fcnk\u00fc burada ziyaret\u00e7iler d\u0131\u015f\u0131nda pek kimseleri g\u00f6remiyorsunuz. Evlenemeyip evde kald\u0131ysan\u0131z, patronunuzdan kurtulmak istiyorsan\u0131z, yeni Donald Trump olmak gibi hayalleriniz varsa do\u011fru adrestesiniz \u00e7\u00fcnk\u00fc Kasimiye Medresesinde , medresenin giri\u015findeki havuza yanlamas\u0131na bozuk para atarsan\u0131z ve havuza girerse dile\u011finizin\u00a0 ger\u00e7ekle\u015fece\u011fine inan\u0131l\u0131yor. Bu paran\u0131n yanlamas\u0131na girmesi olay\u0131 ise pek zor. Buraya gelmeden \u00f6nce evinizin k\u00fcvetinde biraz al\u0131\u015ft\u0131rma yapman\u0131z\u0131 ve b\u00f6ylece bozukluklar\u0131n\u0131z\u0131n cebinizde kalmas\u0131n\u0131 tavsiye ederim.<\/span><\/p><p>\u00a0<\/p><p>Akkoyunlu H\u00fck\u00fcmdar\u0131 Cihangir o\u011flu Kas\u0131m Padi\u015fah Mardin\u2019e atand\u0131\u011f\u0131 zaman \u015fehri onarmak i\u00e7in hummal\u0131 bir faaliyete ba\u015flam\u0131\u015f. Bu \u00f6zverili \u00e7al\u0131\u015fmas\u0131n\u0131 ta\u00e7land\u0131ran ve g\u00fcn\u00fcm\u00fcze kadar m\u00fckemmel yap\u0131s\u0131yla ayakta durabilen bu \u00e7ok ama\u00e7l\u0131 medreseyi yapt\u0131rm\u0131\u015f.<\/p><p>\u00a0<\/p><p>Bu medresenin i\u00e7inde kap\u0131s\u0131 yar\u0131n insan boyunda olan 2-3 metrekarelik s\u0131n\u0131flar var.. Kap\u0131lar\u0131n bu kadar k\u00fc\u00e7\u00fck yap\u0131lm\u0131\u015f olma nedeni, i\u00e7eriye giren ki\u015fiyi e\u011filmek zorunda b\u0131rakmak ve buna muteakip i\u00e7erde bulunan kuran ve ilme sayg\u0131y\u0131 per\u00e7inletmek oldu\u011fu s\u00f6ylenegelir.<\/p><p>\u00a0<\/p><p>\u0130slami d\u00fc\u015f\u00fcncede su ile insan ya\u015fam\u0131 aras\u0131nda kurulan ba\u011flant\u0131 ise hayranl\u0131k uyand\u0131r\u0131c\u0131! Adeta k\u00fc\u00e7\u00fck bir roman gibi&#8230;\u00c7e\u015fmeden akan su do\u011fumu, d\u00f6k\u00fcld\u00fc\u011f\u00fc yer \u00e7ocuklu\u011fu ve gen\u00e7li\u011fi, sonraki ince uzun b\u00f6l\u00fcm olgunluk ve ya\u015fl\u0131l\u0131k \u00e7a\u011f\u0131n\u0131 temsil eder. Buradan b\u00fcy\u00fck bir havuzda biriken su da \u00f6l\u00fcm\u00fc anlat\u0131r. Bu su, havuzdan kanallarla b\u00fcy\u00fck bir ovaya ula\u015ft\u0131r\u0131l\u0131r. burada da topra\u011fa geri d\u00f6nece\u011fimiz ve muhtelif ya\u015fam formlar\u0131nda tekrar do\u011faca\u011f\u0131m\u0131z anlat\u0131l\u0131r.<\/p><p>\u00a0<\/p><p><b>17:00 ALI\u015eVER\u0130\u015e<\/b><\/p><p>Tekrardan Mardin \u00c7ar\u015f\u0131s\u0131nday\u0131z. Cercis Murat Kona\u011f\u0131\u2019ndaki ak\u015fam yeme\u011finden \u00f6nce biraz al\u0131\u015fveri\u015f yapabilirisiniz. Buraya has bir sanat olan Telkari almak \u00fczere d\u00fckkanlar\u0131n vitrinlerine bak\u0131yorum. K\u0131saca g\u00fcm\u00fc\u015f tel i\u015fleme sanat\u0131 anlam\u0131na gelen \u201ctelkari\u201d, ince tel haline d\u00f6k\u00fclen g\u00fcm\u00fc\u015f\u00fcn b\u00fck\u00fclmesiyle olu\u015fturulan k\u00fc\u00e7\u00fck motiflerin bir araya getirilmesi olarak biliniyor. T\u00fcm\u00fcyle el i\u015f\u00e7ili\u011fine dayal\u0131 bir sanat. Telkari sanat\u0131 ile yayg\u0131n olarak t\u00fct\u00fcn kutusu, sigara a\u011f\u0131zl\u0131klar\u0131, aynalar, tepsiler, kemerler, k\u00fcpeler, kolyeler, d\u00fc\u011fmeler ve y\u00fcz\u00fckler yap\u0131labiliyor. Ben iki k\u00fcpe ald\u0131m ve 15 TL verdim. Ancak annem de \u00e7ok be\u011fendi ve Istanbul\u2019a d\u00f6nd\u00fc\u011f\u00fcmde el koydu. Yani siz siz olun, hevesli aile \u00fcyelerini de hesaba kat\u0131p birka\u00e7 par\u00e7a birden sat\u0131n al\u0131n!<\/p><p>\u00a0<\/p><p>2<b>0:00 CERC\u0130S MURTA KONA\u011eI\u2019NDA AK\u015eAM YEME\u011e\u0130:<\/b><\/p><p>\u00a0<\/p><p>Mardin\u2019e gelip de , Cercis Murat Kona\u011f\u0131\u2019nda yememek, M\u0131s\u0131r\u2019a gidip piramitleri g\u00f6rmeden d\u00f6nmekle e\u015f gibi. \u201cGitmedim\u201d dedi\u011finizde \u201cHaaay huuyyy\u201d nidalar\u0131yla kar\u015f\u0131lan\u0131yorsunuz. Bu kona\u011f\u0131n ola\u011fan \u00fcst\u00fc geleneksel ve b\u00fcy\u00fcl\u00fc ambiyans\u0131 bir yana m\u00f6n\u00fc inan\u0131lmaz. Gelen meze tepsisinde yok yok. 12 kep\u00e7eyi and\u0131ran ka\u015f\u0131\u011f\u0131n bir taba\u011fa konmas\u0131 ile servis edilen mezeler ; muammara, Humus, Zeytin mezesi, Patl\u0131canl\u0131 meze, k\u00f6y yo\u011furdu, nohut ve bezelyeli gibi farkl\u0131 se\u00e7eneklerden olu\u015fuyor. Ve hepsi birbirinden leziz! Cevizli ekmek ve ayran ile harika bir ba\u015flang\u0131\u00e7 yap\u0131yorum.. Ara s\u0131cak olarak ise S\u00fcryani usul\u00fc i\u00e7li k\u00f6fte sipari\u015f ediyor ve keyiften kendimden ge\u00e7iyorum. \u00dcnl\u00fc g\u00fcneydo\u011funun sert kakuleli kahvesi m\u0131rra ile nokta koyuyorum&#8230;.\u00d6nceden rezervasyon yapt\u0131rmakta fayda var.<\/p><p>\u00a0<\/p><p>Adres: Birinci Cadde No:517 MARD\u0130N<\/p><p>Telefon: 0482 213 75 17<\/p><p>\u00a0<\/p>\t\t\t\t\t\t\t\t<\/div>\n\t\t\t\t<\/div>\n\t\t\t\t\t<\/div>\n\t\t<\/div>\n\t\t\t\t\t<\/div>\n\t\t<\/section>\n\t\t\t\t<section class=\"elementor-section elementor-top-section elementor-element elementor-element-da08a3b elementor-section-boxed elementor-section-height-default elementor-section-height-default\" data-id=\"da08a3b\" data-element_type=\"section\">\n\t\t\t\t\t\t<div class=\"elementor-container elementor-column-gap-default\">\n\t\t\t\t\t<div class=\"elementor-column elementor-col-100 elementor-top-column elementor-element elementor-element-a775a79\" data-id=\"a775a79\" data-element_type=\"column\">\n\t\t\t<div class=\"elementor-widget-wrap elementor-element-populated\">\n\t\t\t\t\t\t<div class=\"elementor-element elementor-element-0fba56a elementor-widget elementor-widget-heading\" data-id=\"0fba56a\" data-element_type=\"widget\" data-widget_type=\"heading.default\">\n\t\t\t\t<div class=\"elementor-widget-container\">\n\t\t\t\t\t<h2 class=\"elementor-heading-title elementor-size-default\">PAZAR 3. G\u00dcN<\/h2>\t\t\t\t<\/div>\n\t\t\t\t<\/div>\n\t\t\t\t<div class=\"elementor-element elementor-element-fada2b0 elementor-widget elementor-widget-text-editor\" data-id=\"fada2b0\" data-element_type=\"widget\" data-widget_type=\"text-editor.default\">\n\t\t\t\t<div class=\"elementor-widget-container\">\n\t\t\t\t\t\t\t\t\t<p><b>06:00 DEYRULZAFARAN MANASTIRI:<\/b><\/p><p>\u00a0<\/p><p>Evet \u00e7o\u011funuzun sesinizi duyar gibi oluyorum. \u2018Saat sabah 6:00 m\u0131\u0131\u0131\u0131!!!!!?????!!\u2019 Hatta bu c\u00fcmleyi biraz sitemkar bir sesle kurdu\u011funuzun da fark\u0131nday\u0131m. Ama Deyrulzafaran manast\u0131r\u0131n\u0131 ziyaret i\u00e7in en uygun g\u00fcn ve saat Pazar g\u00fcn\u00fc saat 07:00 de \u00e7\u00fcnk\u00fc o saatte ayin ba\u015fl\u0131yor. Ayinler Aramice yap\u0131l\u0131yor.Yani Hz \u0130sa\u2019n\u0131n kulland\u0131\u011f\u0131 ve konu\u015ftu\u011fu dilde&#8230;<\/p><p>\u00a0<\/p><p>Mardin\u2019in arabayla yakla\u015f\u0131k 45 dakika d\u0131\u015f\u0131ndaki DeyrulZafaran Manast\u0131r\u0131 g\u00f6rmeden d\u00f6n\u00fclmemesi gereken yerlerinden&#8230;<\/p><p>\u00a0<\/p><p>5. y\u00fczy\u0131l\u2019da yap\u0131lan DeyrulZafaran Manast\u0131r\u0131n\u0131n\u00a0 bulundu\u011fu yer, milattan \u00f6nce g\u00fcne\u015fe tapanlar taraf\u0131ndan G\u00fcne\u015f Tap\u0131na\u011f\u0131 olarak in\u015fa edilmi\u015f.<\/p><p>\u00a0<\/p><p>Buras\u0131 daha sonra da Romal\u0131larca kale olarak kullan\u0131lm\u0131\u015f. Romal\u0131lar b\u00f6lgeden \u00e7ekilince Aziz \u015eleymun baz\u0131 azizlerin kemiklerini buraya getirterek kaleyi manast\u0131ra \u00e7evirmi\u015f. 1932 senesine\u00a0 kadarsa, yakla\u015f\u0131k 640 y\u0131l boyunca S\u00fcryani Ortodoks patriklerinin ikametgah yeri olmu\u015f . 15. y\u00fcz-y\u0131ldan sonra da Manast\u0131r\u2019\u0131n etraf\u0131nda yeti\u015fen zafaran (safran) bitkisinden dolay\u0131 Manast\u0131r, Deyrulzafaran (Safran Manast\u0131r\u0131) ad\u0131 ile an\u0131lmaya ba\u015flanm\u0131\u015f.<\/p><p>\u00a0<\/p><p>\u0130\u00e7inde 32 s\u00fcryani metropoliti ve patri\u011finin mezar\u0131 var. Kubbeleri, kemerli s\u00fctunlar\u0131, ah\u015fap el i\u015flemeleri, i\u00e7 ve d\u0131\u015f mekanlardaki ta\u015f nak\u0131\u015flar\u0131 insan\u0131 hemen etkisi alt\u0131na al\u0131yor. Manast\u0131r bug\u00fcn de S\u00fcryani Kilisesi\u2019nin \u00f6nemli dini merkezlerinden biri. Mardin Metropoliti\u2019nin ikametgah\u0131 olan Deyrulzafaran Manast\u0131r\u0131, d\u00fcnyan\u0131n d\u00f6rt bir yan\u0131na da\u011f\u0131lm\u0131\u015f S\u00fcryaniler taraf\u0131ndan dua ve bereket almak i\u00e7in s\u0131k\u00e7a ziyaret ediliyor. Metropolit \u00e7ok tatl\u0131 ve sempatik bir adam. Benimle sohbet ediyor, merak etti\u011fim t\u00fcm sorular\u0131 sab\u0131rla cevapl\u0131yor.<\/p><p>\u00a0<\/p><p>Turkiye&#8217;de belki de ba$ka hicbir yerde goremeyeceginiz g\u00fcnn\u00fck agaclari vardir burada. Her daim misafirperver manastir ahalisi, bu agacin yapraklarindan alinan ufak tohumlarla cok farkli bir kokusu olan tutsu yakarlar kilisenin icinde.<\/p><p>\u00a0<\/p><p>Manast\u0131r\u0131n avlusunu \u00e7evreleyen duvarlarda bulunan ta\u015ftan hayvan kabartmalar\u0131 Nuh&#8217;un gemisine al\u0131nan hayvan t\u00fcrlerini tasvir ediyor. Manast\u0131r bu \u00f6zelli\u011fi ile boz bir denizin i\u00e7inde bir gemiyi an\u0131msat\u0131yor.<\/p><p>\u00a0<\/p><p><b>10.00: KAHVALTI<\/b><\/p><p>\u00a0<\/p><p>Sabah\u0131n k\u00f6r\u00fcnde kalkt\u0131\u011f\u0131n\u0131z i\u00e7in muhtemelen kahvalt\u0131y\u0131 atlad\u0131n\u0131z . Ama \u00f6nemli de\u011fil.Deyrulzafaran Manast\u0131r\u0131\u2019n\u0131n giri\u015finde bulunan kafeteryada konuklara safranl\u0131 \u00e7ay ikram ediliyor. Tad\u0131na bakmadan d\u00f6nmeyin<\/p><p>\u00a0<\/p><p>Manast\u0131r\u0131n a\u00e7\u0131l\u0131\u015f ve kapan\u0131\u015f saatleri var. Yaz aylar\u0131nda 09:00-11:30 ile 14:00-17:30,K\u0131\u015f aylar\u0131nda ise 08:00-13:30 ile 13:30-16:00 aras\u0131 a\u00e7\u0131k&#8230;<\/p><p>\u00a0<\/p><p><b>11:30 NASRA TEYZE:<\/b><\/p><p>\u00a0<\/p><p>\u00a0Deyrulzafaran ve Mardin\u2019deki di\u011fer kiliselerin\u00a0 en \u00f6nemli dekoratif ayr\u0131nt\u0131lar\u0131ndan biri duvarlar\u0131n\u0131 s\u00fcsleyen perdeler. \u201cBunlar\u0131 kim yap\u0131yor?\u201d diye sordu\u011fumuzda ise herkesin cevab\u0131 tek: \u201cNasra Teyze\u201d.<\/p><p>\u00a0<\/p><p>Bu perdelerden sat\u0131n almak ve S\u00fcryanilerin me\u015fhur ev \u015farab\u0131 olan testi \u015faraplar\u0131ndan sat\u0131n almak isterseniz Nasra Teyze en iyi adres.<\/p><p>\u00a0<\/p><p>S\u00fcryani boyama sanat\u0131n\u0131n en son temsilcisi 85 ya\u015f\u0131ndaki Nasra \u015eimmeshindi, Mardin&#8217;de h\u00e2l\u00e2 i\u015fba\u015f\u0131nda. Ortado\u011fu&#8217;dan ABD&#8217;ye pek \u00e7ok kiliseyi Nasra teyzenin perdeleri ve \u00f6rt\u00fcleri s\u00fcsl\u00fcyor. Nasra teyze babas\u0131 \u0130sak ve amcas\u0131n\u0131n mesle\u011fini k\u00fc\u00e7\u00fck ya\u015flardan beri devam ettiriyor. Zaten ona t\u00fcm bildiklerini\u00a0 babas\u0131 \u00f6\u011fretmi\u015f.<\/p><p>\u00a0<\/p><p>\u00a0Kap\u0131s\u0131n\u0131 \u00e7ald\u0131\u011f\u0131m\u0131zda bir S\u00fcryani efsanesini kuma\u015f ile bulu\u015fturmakta idi&#8230; Nasra Mardin\u2019de bu sanat\u0131 icra eden en son ki\u015fi. O \u00f6l\u00fcnce bu sanat da tarihe kar\u0131\u015facak maalesef&#8230; Nasra Teyze olduk\u00e7a ya\u015fl\u0131 ve bu \u00f6rt\u00fc ve perdeleri evinde sergiliyor. Yani e\u011fer sat\u0131n almaya niyetiniz yoksa, bu tatl\u0131 dilli, bedeni yorgun han\u0131m\u0131 yormayal\u0131m&#8230;.<\/p><p>\u00a0<\/p><p>Evine, \u015fehrin giri\u015findeki G\u00fcven Eczanesi&#8217;nin yan\u0131ndan giriliyor&#8230;<\/p><p>\u00a0<\/p><p>\u00d6rt\u00fclerin fiyatlar\u0131 farkl\u0131 farkl\u0131. 50 Tl\u2019ye de var. \u00d6rt\u00fc b\u00fcy\u00fcp i\u015f\u00e7ilik artt\u0131k\u00e7a 250 Tl ye kadar \u00e7\u0131kabiliyor.<\/p><p><b>14:00 MARD\u0130N M\u00dcZES\u0130:<\/b><\/p><p>\u00a0<\/p><p>Son derece ilgin\u00e7 par\u00e7alar\u0131n yer ald\u0131\u011f\u0131 m\u00fczey mutlaka gezin.<\/p><p>\u00a0<\/p><p>M\u00fczedeki eserler; M.\u00d6. 4000&#8217;den, M.\u00d6. 7. y\u00fczy\u0131la kadar olan d\u00f6neme ait eserler. O nedenle olduk\u00e7a \u00e7arp\u0131c\u0131.. Arkeolojik salonlarda Eski Tun\u00e7, Asur, Urartu, Grek, Pers, Hellenistik, Roma, Bizans, B\u00fcy\u00fck Sel\u00e7uklu, Artuklular ve Osmanl\u0131 devirlerine ait tabletler, silindir ve damga m\u00fch\u00fcrler, k\u00fclt kaplar\u0131, fig\u00fcrinler, metalden b\u0131zlar, tak\u0131lar, keramikler, alt\u0131n, g\u00fcm\u00fc\u015f ve bak\u0131r sikkeler, g\u00f6zya\u015f\u0131 \u015fi\u015feleri ve kandiller sergilenmekte. Mardin ve \u00e7evresine, bilhassa Midyat \u0130l\u00e7esi&#8217;ne \u00f6zg\u00fc g\u00fcm\u00fc\u015f i\u015flemecili\u011finin se\u00e7kin \u00f6rnekleri olan kolyeler, k\u00fcpe, bilezik, halhal, al\u0131nl\u0131k, sa\u00e7l\u0131\u011f\u0131n yan\u0131 s\u0131ra, eski giysiler, k\u0131l\u0131\u00e7lar, kahve (m\u0131rra) tak\u0131mlar\u0131, hamam e\u015fyalar\u0131, tespihler, \u0131s\u0131nma ara\u00e7lar\u0131 ve bak\u0131r e\u015fyalar da gezilebilir&#8230;<\/p><p>\u00a0<\/p><p>Adres: 1.Cadde, Cumhuriyet Alan\u0131<\/p>\t\t\t\t\t\t\t\t<\/div>\n\t\t\t\t<\/div>\n\t\t\t\t\t<\/div>\n\t\t<\/div>\n\t\t\t\t\t<\/div>\n\t\t<\/section>\n\t\t\t\t<section class=\"elementor-section elementor-top-section elementor-element elementor-element-6995a63 elementor-section-boxed elementor-section-height-default elementor-section-height-default\" data-id=\"6995a63\" data-element_type=\"section\">\n\t\t\t\t\t\t<div class=\"elementor-container elementor-column-gap-default\">\n\t\t\t\t\t<div class=\"elementor-column elementor-col-100 elementor-top-column elementor-element elementor-element-7eaa775\" data-id=\"7eaa775\" data-element_type=\"column\">\n\t\t\t<div class=\"elementor-widget-wrap elementor-element-populated\">\n\t\t\t\t\t\t<div class=\"elementor-element elementor-element-a156456 elementor-widget elementor-widget-heading\" data-id=\"a156456\" data-element_type=\"widget\" data-widget_type=\"heading.default\">\n\t\t\t\t<div class=\"elementor-widget-container\">\n\t\t\t\t\t<h2 class=\"elementor-heading-title elementor-size-default\">NEREDE KALINIR:<\/h2>\t\t\t\t<\/div>\n\t\t\t\t<\/div>\n\t\t\t\t<div class=\"elementor-element elementor-element-50ff909 elementor-widget elementor-widget-text-editor\" data-id=\"50ff909\" data-element_type=\"widget\" data-widget_type=\"text-editor.default\">\n\t\t\t\t<div class=\"elementor-widget-container\">\n\t\t\t\t\t\t\t\t\t<p>Mardin demek ta\u015f ev demek, o nedenle benim \u00f6nerim \u015fehrin eski b\u00f6l\u00fcm\u00fcnde yer alan ta\u015f konaklarda kal\u0131nmas\u0131d\u0131r.<\/p><p>\u00a0<\/p><p>ERDOBA KONAKLARI: Mardin\u2019i tam anlam\u0131yla ya\u015famak i\u00e7in en iyi se\u00e7enek Erdoba Konaklar\u0131. d\u00f6rt konaktan olu\u015fuyor. Konaklardan biri yeni ve tuvaletleri de i\u00e7inde.<\/p><p>\u00a0<\/p><p>Odalar\u0131n dekorasyonu ve sosyalle\u015fme alanlar\u0131 \u00e7ok s\u0131cak ve geleneksel&#8230;<\/p><p>\u00a0<\/p><p>Adres: 1. Cadde No: 135 Mardin<\/p><p>\u00a0<\/p><p>Tel: 0 482 212 76 77<\/p><p>\u00a0<\/p><p>http:\/\/www.erdoba.com.tr<\/p><p>\u00a0<\/p><p>Z\u0130NC\u0130R\u0130YE BUT\u0130K OTEL: Otel ge\u00e7mi\u015fte ne zaman yap\u0131ld\u0131\u011f\u0131 tam olarak bilinmemekle beraber Sultan \u0130sa Zinciriye Medresesinde \u00e7al\u0131\u015fan ta\u015f ustalar\u0131n\u0131n bar\u0131nd\u0131\u011f\u0131 i\u00e7inde ya\u015fad\u0131\u011f\u0131 ve yap\u0131l\u0131rken ustalar\u0131nda bu tarihi eve katk\u0131da bulundu\u011fu mimari sanat\u0131n yans\u0131d\u0131\u011f\u0131 g\u00f6r\u00fclmekte.<\/p><p>\u00a0<\/p><p>5 suit , 1 kuyu oda , 4 kay\u0131p oda ve 5 standart olmak \u00fczere 15 odam\u0131z mevcuttur.Otel havas\u0131ndan uzak adeta bir ev havas\u0131nda hizmet vermektedir.<\/p><p>\u00a0<\/p><p>Odalar\u0131m\u0131z tarihin i\u00e7inde olmakla beraber g\u00fcn\u00fcm\u00fcze uygun modern banyolar\u0131yla , mini bar , digiturk , internet gibi hizmetler sunmaktad\u0131r.<\/p><p>\u00a0<\/p><p>Adres: Zinciriye Medresesi Kar\u015f\u0131s\u0131 Medrese Mahallesi Sok:243 No:13 MARD\u0130N<\/p><p>\u00a0<\/p><p>Tel\u00a0 \u00a0: + 482 212 48 66 &#8211; +90 482 212 48 25<\/p><p>\u00a0<\/p><p><blockquote class=\"wp-embedded-content\" data-secret=\"HJayG7gbAs\"><a href=\"https:\/\/www.zinciriye.com\/\">Ana Sayfa<\/a><\/blockquote><iframe class=\"wp-embedded-content\" sandbox=\"allow-scripts\" security=\"restricted\" style=\"position: absolute; clip: rect(1px, 1px, 1px, 1px);\" title=\"&#8220;Ana Sayfa&#8221; &#8212; Mardin Zinciriye Hotel\u00ae\" src=\"https:\/\/www.zinciriye.com\/embed\/#?secret=qkZSFfKedB#?secret=HJayG7gbAs\" data-secret=\"HJayG7gbAs\" width=\"500\" height=\"282\" frameborder=\"0\" marginwidth=\"0\" marginheight=\"0\" scrolling=\"no\"><\/iframe><\/p>\t\t\t\t\t\t\t\t<\/div>\n\t\t\t\t<\/div>\n\t\t\t\t\t<\/div>\n\t\t<\/div>\n\t\t\t\t\t<\/div>\n\t\t<\/section>\n\t\t\t\t<\/div>\n\t\t","protected":false},"excerpt":{"rendered":"<p>D\u00fcnya &#8216;da Venedik&#8217;ten sonra yap\u0131 dokusu bozulmam\u0131\u015f ikinci \u015fehir konumunda olan Mardin, tarihi ve k\u00fclt\u00fcr yap\u0131s\u0131 ile UNESCO &#8216;nun &#8220;D\u00fcnya Miras\u0131 Kenti Listesi &#8221; girdi. Daha bozulmadan ne kadar dayanaca\u011f\u0131 bilinmez . S\u0131rf bu nedenden dolay\u0131 bile bir an \u00f6nce ziyaret edilmeyi hak ediyor! CUMA 1. G\u00dcN G\u0130D\u0130\u015e Cuma\u2019dan Pazar\u2019a , Mardin\u2019e 36 saatlik Ka\u00e7\u0131\u015f [&hellip;]<\/p>\n","protected":false},"author":3,"featured_media":999,"comment_status":"closed","ping_status":"closed","sticky":false,"template":"","format":"standard","meta":{"footnotes":""},"categories":[21],"tags":[],"class_list":["post-972","post","type-post","status-publish","format-standard","has-post-thumbnail","hentry","category-yurt-ici"],"_links":{"self":[{"href":"https:\/\/melteminan.com\/index.php?rest_route=\/wp\/v2\/posts\/972","targetHints":{"allow":["GET"]}}],"collection":[{"href":"https:\/\/melteminan.com\/index.php?rest_route=\/wp\/v2\/posts"}],"about":[{"href":"https:\/\/melteminan.com\/index.php?rest_route=\/wp\/v2\/types\/post"}],"author":[{"embeddable":true,"href":"https:\/\/melteminan.com\/index.php?rest_route=\/wp\/v2\/users\/3"}],"replies":[{"embeddable":true,"href":"https:\/\/melteminan.com\/index.php?rest_route=%2Fwp%2Fv2%2Fcomments&post=972"}],"version-history":[{"count":6,"href":"https:\/\/melteminan.com\/index.php?rest_route=\/wp\/v2\/posts\/972\/revisions"}],"predecessor-version":[{"id":1006,"href":"https:\/\/melteminan.com\/index.php?rest_route=\/wp\/v2\/posts\/972\/revisions\/1006"}],"wp:featuredmedia":[{"embeddable":true,"href":"https:\/\/melteminan.com\/index.php?rest_route=\/wp\/v2\/media\/999"}],"wp:attachment":[{"href":"https:\/\/melteminan.com\/index.php?rest_route=%2Fwp%2Fv2%2Fmedia&parent=972"}],"wp:term":[{"taxonomy":"category","embeddable":true,"href":"https:\/\/melteminan.com\/index.php?rest_route=%2Fwp%2Fv2%2Fcategories&post=972"},{"taxonomy":"post_tag","embeddable":true,"href":"https:\/\/melteminan.com\/index.php?rest_route=%2Fwp%2Fv2%2Ftags&post=972"}],"curies":[{"name":"wp","href":"https:\/\/api.w.org\/{rel}","templated":true}]}}